{"id":416217,"date":"2026-03-28T04:00:16","date_gmt":"2026-03-28T04:00:16","guid":{"rendered":"https:\/\/www.europesays.com\/it\/416217\/"},"modified":"2026-03-28T04:00:16","modified_gmt":"2026-03-28T04:00:16","slug":"luis-hasa-cambia-nazionale-niente-piu-italia-rispondera-alla-chiamata-dellalbania","status":"publish","type":"post","link":"https:\/\/www.europesays.com\/it\/416217\/","title":{"rendered":"Luis Hasa cambia nazionale: niente pi\u00f9 Italia, risponder\u00e0 alla chiamata dell&#8217;Albania"},"content":{"rendered":"<p data-testid=\"article-teaser\">Nuova nazionale per Luis Hasa: dopo le presenze raccolte con l&#8217;Italia Under 21, ha optato per l&#8217;Albania.<\/p>\n<p>Il suo cartellino \u00e8 di propriet\u00e0 del Napoli che in estate lo ha ceduto in prestito alla Carrarese, dove si sta mettendo in bella evidenza: <b><strong>Luis Hasa <\/strong><\/b>sta raccogliendo consensi durante questa avventura toscana.<\/p>\n<p>Le prestazioni offerte col club giallobl\u00f9 hanno attirato l&#8217;attenzione degli addetti ai lavori in ottica nazionale, che per il classe 2004 \u00e8 stata praticamente sempre l&#8217;Italia, dove \u00e8 nato 22 anni fa.<\/p>\n<p>A partire da gioved\u00ec 26 marzo, per\u00f2, per Hasa si \u00e8 aperta un&#8217;altra strada: quella dell&#8217;<b><strong>Albania<\/strong><\/b>.<\/p>\n","protected":false},"excerpt":{"rendered":"Nuova nazionale per Luis Hasa: dopo le presenze raccolte con l&#8217;Italia Under 21, ha optato per l&#8217;Albania. Il&hellip;\n","protected":false},"author":3,"featured_media":416218,"comment_status":"","ping_status":"","sticky":false,"template":"","format":"standard","meta":{"footnotes":"","_share_on_mastodon":"0"},"categories":[1452],"tags":[23729,721,1740,1537,90,89,1739,245,244,63606],"class_list":["post-416217","post","type-post","status-publish","format-standard","has-post-thumbnail","category-calcio","tag-albania","tag-calcio","tag-football","tag-it","tag-italia","tag-italy","tag-soccer","tag-sport","tag-sports","tag-world-cup-qualification-uefa"],"share_on_mastodon":{"url":"https:\/\/pubeurope.com\/@it\/116304807595574425","error":""},"_links":{"self":[{"href":"https:\/\/www.europesays.com\/it\/wp-json\/wp\/v2\/posts\/416217","targetHints":{"allow":["GET"]}}],"collection":[{"href":"https:\/\/www.europesays.com\/it\/wp-json\/wp\/v2\/posts"}],"about":[{"href":"https:\/\/www.europesays.com\/it\/wp-json\/wp\/v2\/types\/post"}],"author":[{"embeddable":true,"href":"https:\/\/www.europesays.com\/it\/wp-json\/wp\/v2\/users\/3"}],"replies":[{"embeddable":true,"href":"https:\/\/www.europesays.com\/it\/wp-json\/wp\/v2\/comments?post=416217"}],"version-history":[{"count":0,"href":"https:\/\/www.europesays.com\/it\/wp-json\/wp\/v2\/posts\/416217\/revisions"}],"wp:featuredmedia":[{"embeddable":true,"href":"https:\/\/www.europesays.com\/it\/wp-json\/wp\/v2\/media\/416218"}],"wp:attachment":[{"href":"https:\/\/www.europesays.com\/it\/wp-json\/wp\/v2\/media?parent=416217"}],"wp:term":[{"taxonomy":"category","embeddable":true,"href":"https:\/\/www.europesays.com\/it\/wp-json\/wp\/v2\/categories?post=416217"},{"taxonomy":"post_tag","embeddable":true,"href":"https:\/\/www.europesays.com\/it\/wp-json\/wp\/v2\/tags?post=416217"}],"curies":[{"name":"wp","href":"https:\/\/api.w.org\/{rel}","templated":true}]}}