{"id":416242,"date":"2026-03-28T04:27:15","date_gmt":"2026-03-28T04:27:15","guid":{"rendered":"https:\/\/www.europesays.com\/it\/416242\/"},"modified":"2026-03-28T04:27:15","modified_gmt":"2026-03-28T04:27:15","slug":"gigio-tonali-barella-e-quel-precedente-del-2019-con-la-bosnia-a-zenica","status":"publish","type":"post","link":"https:\/\/www.europesays.com\/it\/416242\/","title":{"rendered":"Gigio, Tonali, Barella e quel precedente del 2019 con la Bosnia a Zenica"},"content":{"rendered":"<p>                                I tre azzurri sono gli unici dell&#8217;attuale gruppo azzurro a essere scesi in campo, al\u00a0\u201cBilino Polje, la sera del 15 novembre 2019. Ed ecco come and\u00f2<\/p>\n<p>\n                                                                    Gugliemo Buccheri\n                            <\/p>\n<p>                    27 marzo &#8211; 14:35  &#8211; MILANO<\/p>\n<p class=\"paragraph\" spellcheck=\"true\">\u201cBilino Polje\u201d si pu\u00f2 tradurre cos\u00ec: \u201cCampo bianco o pulito\u201d. Marted\u00ec sera \u00e8 l\u00e0 che gli azzurri di Rino Gattuso dovranno non solo vedere l\u2019America, ma metterci il piede dentro: 90\u2019, forse pi\u00f9, senza appello. Niente pista di atletica, palazzi sullo sfondo, edifici tipici di una citt\u00e0 industriale eletta a luogo dove la nazionale bosniaca misura la sua forza: lo chiamano il fortino, in realt\u00e0 lo \u00e8 non per la sua imbattibilit\u00e0, ma per il clima che i tifosi riescono a creare. Clima e ambiente che i nostri \u201csenatori\u201d conoscono bene, e non \u00e8 un brutto ricordo: novembre 2019, l\u2019Italia di Roberto Mancini vince con poco affanno 3-0. A segno vanno il Gallo Belotti, Acerbi, Insigne in una sfida che mette in palio punti per l\u2019Europeo che, da l\u00ec a due stagioni, sar\u00e0 nostro nella notte di Wembley.\u00a0<\/p>\n<p><a class=\"is-partner-link\" href=\"https:\/\/abbonamenti.gazzetta.it\/calciatori-panini-2025\/?pwcmp_promo_panini_cta&amp;forceBrowser=true\" rel=\"nofollow noopener\" target=\"_blank\">Gazzetta digital + Box Panini + Album a soli 80\u20ac, il modo pi\u00f9 veloce e conveniente per completare la collezione!<\/a><\/p>\n<p>    corsi e ricorsi\u2014 \u00a0<\/p>\n<p class=\"paragraph is-inline\" spellcheck=\"true\">Chi c\u2019era allora e ci sar\u00e0 marted\u00ec? Donnarumma in porta, Tonali e Barella nel cuore del gioco: non \u00e8 un particolare da poco ora che l\u2019attesa \u00e8 a mille e che dalle parti di Zenica e dintorni ci aspettano con i decibel a mille alla luce anche dell\u2019<a href=\"https:\/\/www.gazzetta.it\/Calcio\/Mondiali\/27-03-2026\/bosnia-rabbia-dopo-l-esultanza-degli-azzurri-che-arroganza.shtml\" rel=\"nofollow noopener\" target=\"_blank\">esultanza, non gradita<\/a>, di Vicario, Dimarco e Pio Esposito nell\u2019attimo in cui dalla nostra strada \u00e8 sparito, ai rigori, il Galles per lasciare via libera ai bosniaci. Il \u201cBilino Polje\u201d pu\u00f2 ospitare non pi\u00f9 di 15.600 spettatori e 15.600 spettatori ospiter\u00e0: nella notte i biglietti sono andati esauriti come annunciato dalla stessa federazione di Sarajevo. La Bosnia si \u00e8 gi\u00e0 messa alla finestra, anzi \u00e8 scesa in piazza: clacson e cori hanno preso il sopravvento nelle ore post qualificazione per la finale playoff contro di noi. Loro, i bosniaci, non vanno al Mondiale dal 2014, stessa sorte azzurra: per loro, per\u00f2, quella di dodici anni fa \u00e8 stata la prima e unica apparizione tra le grandi nazionale al mondo. \u201cBilino Polje\u201d vuol dire \u201cCampo bianco o pulito\u201d: Donnarumma, Tonali e Barella dovranno tirare fuori dal cassetto dei ricordi la sera del 15 novembre 2019 e raccontare ai compagni cosa li aspetta. Cristiano Ronaldo si lament\u00f2 per un terreno di gioco non in perfette condizioni (eufemismo).<\/p>\n<p class=\"is-copyright\">\u00a9 RIPRODUZIONE RISERVATA<\/p>\n","protected":false},"excerpt":{"rendered":"I tre azzurri sono gli unici dell&#8217;attuale gruppo azzurro a essere scesi in campo, al\u00a0\u201cBilino Polje, la sera&hellip;\n","protected":false},"author":3,"featured_media":416243,"comment_status":"","ping_status":"","sticky":false,"template":"","format":"standard","meta":{"footnotes":"","_share_on_mastodon":"0"},"categories":[1452],"tags":[4700,8440,6381,236794,236790,236791,59559,9772,721,921,236795,236796,8840,14394,5829,1740,2024,1537,90,89,1427,61,4476,7030,236792,21494,13287,236797,1739,245,244,32892,236793],"class_list":["post-416242","post","type-post","status-publish","format-standard","has-post-thumbnail","category-calcio","tag-azzurri","tag-barella","tag-bianco","tag-bianco-pulito","tag-bilino","tag-bilino-polje","tag-bosnia","tag-bosniaci","tag-calcio","tag-campo","tag-campo-bianco","tag-campo-bianco-pulito","tag-clima","tag-donnarumma","tag-dovranno","tag-football","tag-gioco","tag-it","tag-italia","tag-italy","tag-martedi","tag-mille","tag-notte","tag-novembre","tag-polje","tag-pulito","tag-sera","tag-sera-novembre","tag-soccer","tag-sport","tag-sports","tag-tonali","tag-tonali-barella"],"share_on_mastodon":{"url":"https:\/\/pubeurope.com\/@it\/116304913748245559","error":""},"_links":{"self":[{"href":"https:\/\/www.europesays.com\/it\/wp-json\/wp\/v2\/posts\/416242","targetHints":{"allow":["GET"]}}],"collection":[{"href":"https:\/\/www.europesays.com\/it\/wp-json\/wp\/v2\/posts"}],"about":[{"href":"https:\/\/www.europesays.com\/it\/wp-json\/wp\/v2\/types\/post"}],"author":[{"embeddable":true,"href":"https:\/\/www.europesays.com\/it\/wp-json\/wp\/v2\/users\/3"}],"replies":[{"embeddable":true,"href":"https:\/\/www.europesays.com\/it\/wp-json\/wp\/v2\/comments?post=416242"}],"version-history":[{"count":0,"href":"https:\/\/www.europesays.com\/it\/wp-json\/wp\/v2\/posts\/416242\/revisions"}],"wp:featuredmedia":[{"embeddable":true,"href":"https:\/\/www.europesays.com\/it\/wp-json\/wp\/v2\/media\/416243"}],"wp:attachment":[{"href":"https:\/\/www.europesays.com\/it\/wp-json\/wp\/v2\/media?parent=416242"}],"wp:term":[{"taxonomy":"category","embeddable":true,"href":"https:\/\/www.europesays.com\/it\/wp-json\/wp\/v2\/categories?post=416242"},{"taxonomy":"post_tag","embeddable":true,"href":"https:\/\/www.europesays.com\/it\/wp-json\/wp\/v2\/tags?post=416242"}],"curies":[{"name":"wp","href":"https:\/\/api.w.org\/{rel}","templated":true}]}}