{"id":416318,"date":"2026-03-28T06:15:20","date_gmt":"2026-03-28T06:15:20","guid":{"rendered":"https:\/\/www.europesays.com\/it\/416318\/"},"modified":"2026-03-28T06:15:20","modified_gmt":"2026-03-28T06:15:20","slug":"ex-socio-italo-americano-del-cesena","status":"publish","type":"post","link":"https:\/\/www.europesays.com\/it\/416318\/","title":{"rendered":"ex socio italo-americano del Cesena"},"content":{"rendered":"<p>Una tragedia scuote il mondo del Cesena calcio, \u00e8 morto a 56 anni per un tragico incidente in mare in Florida, Davide Veglia, ex socio del Cesena Fc presidente onorario del Museo Bianconero che con un post social diffonde la notizia. \u201cUna tragica notizia ha sconvolto il Museo Bianconero &#8211; si legge -. In un incidente nautico \u00e8 morto a Miami il nostro presidente onorario Davide Veglia, anche primo socio italo-americano del Cesena Fc nel 2018 dopo la rinascita post fallimento. Il Museo si stringe attorno alla moglie e ai figli e ne conserva il ricordo di un uomo speciale, generoso, intraprendente e coinvolgente\u201d. Il presidente del Museo Bianconero Andrea Bertozzi lo ricorda come &#8220;una delle persone pi\u00f9 ispirate, dedite agli altri e capace di cui ho fatto conoscenza e che non scorderemo mai. Sar\u00e0 per sempre dei nostri&#8221;. Ciao Davide, ci mancherai&#8221;.<\/p>\n<p><a href=\"https:\/\/www.whatsapp.com\/channel\/0029VaFMLsT1NCraQcjfg22J\" rel=\"nofollow noopener\" target=\"_blank\"><strong>Leggi le notizie di CesenaToday su Whatsapp: iscriviti al canale<\/strong><\/a><\/p>\n<p>&#8220;L&#8217;amore per il territorio, la comunit\u00e0 locale il piacere di stare in una regione che \u00e8 per me l&#8217;essenza pi\u00f9 bella d&#8217;Italia&#8221;. Cos\u00ec Davide Veglia, imprenditore di origini italiane (nato a Genova), per molti anni in America dove aveva interessi economici nel settore dello sviluppo di societ\u00e0 mediche e farmaceutiche, aveva spiegato nel 2018 \u00a0le motivazioni che l&#8217;avevano spinto a diventare socio del Cavalluccio post fallimento.<\/p>\n<p>Il cordoglio del club bianconero<\/p>\n<p>Il Cesena Fc in una nota \u201cpartecipa con commozione al dolore per l\u2019improvvisa e prematura scomparsa di Davide Veglia. Socio del club bianconero dal 2018 e tra i principali sostenitori del progetto Museo Bianconero, fin dal suo arrivo in Romagna Davide si \u00e8 sempre distinto per passione, gentilezza e rispetto non solo nei confronti della societ\u00e0, ma anche verso tutta la comunit\u00e0 bianconera\u201d.<\/p>\n<p>\u201cSiamo profondamente addolorati, &#8211; ha dichiarato il presidente bianconero John Aiello &#8211; perch\u00e9 perdiamo un amico, una persona di straordinaria umanit\u00e0 e gentilezza ed una parte della nostra famiglia. Una persona che, nonostante la lontananza fisica da Cesena, amava questi colori, questa squadra e tutto ci\u00f2 che la Romagna rappresenta. Ci uniamo al dolore della famiglia di Davide ed il suo ricordo vivr\u00e0 per sempre nel nostro cuore ed in quello di tutte le persone che hanno avuto la fortuna di conoscerlo&#8221;. \u201cIn questo momento di profonda tristezza, sconvolti dal dolore per questa tragica perdita, tutto il Cesena Fc desidera esprimere le pi\u00f9 sentite condoglianze alla famiglia Veglia\u201d, conclude il club.<\/p>\n","protected":false},"excerpt":{"rendered":"Una tragedia scuote il mondo del Cesena calcio, \u00e8 morto a 56 anni per un tragico incidente in&hellip;\n","protected":false},"author":3,"featured_media":416319,"comment_status":"","ping_status":"","sticky":false,"template":"","format":"standard","meta":{"footnotes":"","_share_on_mastodon":"0"},"categories":[1452],"tags":[721,117839,1740,1537,90,89,35976,1739,245,244],"class_list":["post-416318","post","type-post","status-publish","format-standard","has-post-thumbnail","category-calcio","tag-calcio","tag-cesena-calcio","tag-football","tag-it","tag-italia","tag-italy","tag-lutti","tag-soccer","tag-sport","tag-sports"],"share_on_mastodon":{"url":"https:\/\/pubeurope.com\/@it\/116305338463650651","error":""},"_links":{"self":[{"href":"https:\/\/www.europesays.com\/it\/wp-json\/wp\/v2\/posts\/416318","targetHints":{"allow":["GET"]}}],"collection":[{"href":"https:\/\/www.europesays.com\/it\/wp-json\/wp\/v2\/posts"}],"about":[{"href":"https:\/\/www.europesays.com\/it\/wp-json\/wp\/v2\/types\/post"}],"author":[{"embeddable":true,"href":"https:\/\/www.europesays.com\/it\/wp-json\/wp\/v2\/users\/3"}],"replies":[{"embeddable":true,"href":"https:\/\/www.europesays.com\/it\/wp-json\/wp\/v2\/comments?post=416318"}],"version-history":[{"count":0,"href":"https:\/\/www.europesays.com\/it\/wp-json\/wp\/v2\/posts\/416318\/revisions"}],"wp:featuredmedia":[{"embeddable":true,"href":"https:\/\/www.europesays.com\/it\/wp-json\/wp\/v2\/media\/416319"}],"wp:attachment":[{"href":"https:\/\/www.europesays.com\/it\/wp-json\/wp\/v2\/media?parent=416318"}],"wp:term":[{"taxonomy":"category","embeddable":true,"href":"https:\/\/www.europesays.com\/it\/wp-json\/wp\/v2\/categories?post=416318"},{"taxonomy":"post_tag","embeddable":true,"href":"https:\/\/www.europesays.com\/it\/wp-json\/wp\/v2\/tags?post=416318"}],"curies":[{"name":"wp","href":"https:\/\/api.w.org\/{rel}","templated":true}]}}