{"id":416815,"date":"2026-03-28T13:38:12","date_gmt":"2026-03-28T13:38:12","guid":{"rendered":"https:\/\/www.europesays.com\/it\/416815\/"},"modified":"2026-03-28T13:38:12","modified_gmt":"2026-03-28T13:38:12","slug":"toyota-celica-sport-400-cv-e-trazione-integrale-per-la-nuova-regina","status":"publish","type":"post","link":"https:\/\/www.europesays.com\/it\/416815\/","title":{"rendered":"Toyota Celica Sport, 400 CV e trazione integrale per la nuova regina"},"content":{"rendered":"<p>Sono anni che si parla del ritorno della <strong>Toyota Celica<\/strong> e, forse, quel momento \u00e8 quasi arrivato. Tra <strong>indiscrezioni<\/strong> sempre pi\u00f9 insistenti, prototipi avvistati su strada e voci che arrivano direttamente dall\u2019interno della rete commerciale, i tasselli iniziano a comporsi. Non c\u2019\u00e8 ancora un annuncio ufficiale completo, ma gli indizi portano a un quadro piuttosto chiaro: la Celica starebbe davvero tornando e con una formula completamente nuova.<\/p>\n<p>Le immagini di una coup\u00e9 camuffata avvistata durante i test in Portogallo hanno acceso definitivamente la curiosit\u00e0, alimentando le aspettative su un modello che potrebbe segnare una nuova fase per le sportive del marchio giapponese.\n<\/p>\n<p>Toyota Celica Sport<\/p>\n<p>Secondo le informazioni circolate negli ultimi mesi, il nome scelto dovrebbe essere <b>Celica Sport<\/b>. Una denominazione che non lascia spazio a dubbi: Toyota vuole riportare in vita lo spirito originale del modello, aggiornandolo per\u00f2 alle esigenze di oggi. La nuova Celica si inserirebbe perfettamente nella strategia sportiva del brand, che negli ultimi anni ha gi\u00e0 dimostrato di voler continuare a investire nel piacere di guida. Modelli come la <a href=\"https:\/\/www.virgilio.it\/motori\/auto\/toyota-gr-yaris-versione-speciale-ogier\/314098\/\" rel=\"nofollow noopener\" target=\"_blank\">GR Yaris<\/a> e la <a href=\"https:\/\/www.virgilio.it\/motori\/auto\/toyota-gr-supra-addio-serie-limitata\/258820\/\" rel=\"nofollow noopener\" target=\"_blank\">GR Supra<\/a> hanno confermato questa direzione, dimostrando che anche nell\u2019era dell\u2019elettrificazione c\u2019\u00e8 ancora spazio per auto emozionali.<\/p>\n<p>Il debutto, secondo le indiscrezioni pi\u00f9 accreditate, \u00e8 atteso intorno al <b>2027<\/b>. Non si tratta quindi di un progetto imminente, ma nemmeno di un\u2019idea lontana: siamo in quella fase in cui lo sviluppo \u00e8 avanzato, ma la casa madre preferisce mantenere il massimo riserbo.<\/p>\n<p>2.0 elettrificato<\/p>\n<p>Uno degli aspetti pi\u00f9 interessanti riguarda la meccanica. La nuova Celica dovrebbe abbandonare il classico schema dei piccoli motori turbo per passare a una soluzione pi\u00f9 moderna e in linea con le normative: un <b>2.0 litri elettrificato<\/b>. Una scelta quasi obbligata, considerando i limiti sempre pi\u00f9 stringenti sulle <a href=\"https:\/\/www.virgilio.it\/motori\/dati-statistiche\/auto-elettriche-europa-recupera-cina-italia-ritardo\/322039\/\" rel=\"nofollow noopener\" target=\"_blank\">emissioni<\/a>. Il precedente 1.6, gi\u00e0 utilizzato su altri modelli sportivi del gruppo, non sarebbe pi\u00f9 compatibile con gli standard futuri.<\/p>\n<p>Ma attenzione: elettrificazione non significa necessariamente meno emozioni. Anzi, tutto il contrario. Le prime stime parlano di una potenza intorno ai <b>400 CV<\/b>, con possibilit\u00e0 di salire ulteriormente nelle versioni pi\u00f9 estreme o speciali. Numeri che, fino a pochi anni fa, erano riservati a segmenti ben pi\u00f9 alti.<\/p>\n<blockquote class=\"instagram-media\" data-instgrm-captioned=\"\" data-instgrm-permalink=\"https:\/\/www.instagram.com\/p\/DVPRZ0XFd5x\/?utm_source=ig_embed&amp;utm_campaign=loading\" data-instgrm-version=\"14\" style=\" background:#FFF; border:0; border-radius:3px; box-shadow:0 0 1px 0 rgba(0,0,0,0.5),0 1px 10px 0 rgba(0,0,0,0.15); margin: 1px; max-width:100%; min-width:326px; padding:0; width:99.375%; width:-webkit-calc(100% - 2px); width:calc(100% - 2px);\"\/>\n<p>A fare la differenza sar\u00e0 anche la <b>trazione integrale<\/b>, che dovrebbe garantire non solo maggiore motricit\u00e0, ma anche una dinamica di guida pi\u00f9 sofisticata. Un elemento che richiama direttamente la tradizione rally del modello, da sempre legata alle competizioni su fondi difficili e alle prestazioni in ogni condizione.<\/p>\n<p>Una sportiva per una nuova era<\/p>\n<p>Il ritorno della Celica \u00e8 un\u2019operazione nostalgia pronta a scatenare il lato emozionale di molte generazioni. Nonch\u00e9 il segnale di come il mondo dell\u2019auto stia cercando un equilibrio tra passato e futuro. Da un lato ci sono le normative, sempre pi\u00f9 severe; dall\u2019altro, la necessit\u00e0 di mantenere viva quella componente emozionale che ha reso celebri molti modelli. Toyota sembra voler percorrere proprio questa strada: coniugare <b>tecnologia ed emozione<\/b>, senza rinunciare a nessuna delle due.<\/p>\n<p>Il fatto che la nuova Celica punti su un sistema ibrido ad alte prestazioni \u00e8 emblematico. Non si tratta pi\u00f9 di scegliere tra divertimento e sostenibilit\u00e0, ma di trovare una sintesi credibile tra i due mondi.<\/p>\n<p>\t<script async src=\"\/\/www.instagram.com\/embed.js\"><\/script><\/p>\n","protected":false},"excerpt":{"rendered":"Sono anni che si parla del ritorno della Toyota Celica e, forse, quel momento \u00e8 quasi arrivato. Tra&hellip;\n","protected":false},"author":3,"featured_media":416816,"comment_status":"","ping_status":"","sticky":false,"template":"","format":"standard","meta":{"footnotes":"","_share_on_mastodon":"0"},"categories":[173],"tags":[52949,6720,1537,90,89,15,195,198,199,197,200,201,194,196,6570,14718],"class_list":["post-416815","post","type-post","status-publish","format-standard","has-post-thumbnail","category-scienza-e-tecnologia","tag-concept-car","tag-coupe","tag-it","tag-italia","tag-italy","tag-notizie","tag-science","tag-science-and-technology","tag-scienceandtechnology","tag-scienza","tag-scienza-e-tecnologia","tag-scienzaetecnologia","tag-technology","tag-tecnologia","tag-toyota","tag-trazione-integrale"],"share_on_mastodon":{"url":"https:\/\/pubeurope.com\/@it\/116307080250463244","error":""},"_links":{"self":[{"href":"https:\/\/www.europesays.com\/it\/wp-json\/wp\/v2\/posts\/416815","targetHints":{"allow":["GET"]}}],"collection":[{"href":"https:\/\/www.europesays.com\/it\/wp-json\/wp\/v2\/posts"}],"about":[{"href":"https:\/\/www.europesays.com\/it\/wp-json\/wp\/v2\/types\/post"}],"author":[{"embeddable":true,"href":"https:\/\/www.europesays.com\/it\/wp-json\/wp\/v2\/users\/3"}],"replies":[{"embeddable":true,"href":"https:\/\/www.europesays.com\/it\/wp-json\/wp\/v2\/comments?post=416815"}],"version-history":[{"count":0,"href":"https:\/\/www.europesays.com\/it\/wp-json\/wp\/v2\/posts\/416815\/revisions"}],"wp:featuredmedia":[{"embeddable":true,"href":"https:\/\/www.europesays.com\/it\/wp-json\/wp\/v2\/media\/416816"}],"wp:attachment":[{"href":"https:\/\/www.europesays.com\/it\/wp-json\/wp\/v2\/media?parent=416815"}],"wp:term":[{"taxonomy":"category","embeddable":true,"href":"https:\/\/www.europesays.com\/it\/wp-json\/wp\/v2\/categories?post=416815"},{"taxonomy":"post_tag","embeddable":true,"href":"https:\/\/www.europesays.com\/it\/wp-json\/wp\/v2\/tags?post=416815"}],"curies":[{"name":"wp","href":"https:\/\/api.w.org\/{rel}","templated":true}]}}