{"id":417278,"date":"2026-03-28T20:52:12","date_gmt":"2026-03-28T20:52:12","guid":{"rendered":"https:\/\/www.europesays.com\/it\/417278\/"},"modified":"2026-03-28T20:52:12","modified_gmt":"2026-03-28T20:52:12","slug":"no-kings-gli-usa-protestano-contro-donald-trump-da-washington-a-minneapolis-foto","status":"publish","type":"post","link":"https:\/\/www.europesays.com\/it\/417278\/","title":{"rendered":"No Kings, gli Usa protestano contro Donald Trump, da Washington a Minneapolis. FOTO"},"content":{"rendered":"<p>Dall&#8217;Alaska a New York, il Paese torna in piazza per manifestare il suo dissenso contro le politiche del presidente, tra la guerra in Iran e il caro-vita. Occhi puntati su Saint Paul, citt\u00e0 gemella di Minneapolis, dove negli scorsi mesi le forze dell&#8217;ordine hanno represso brutalmente le proteste contro gli agenti anti-immigrazione, uccidendo anche due cittadini, Ren\u00e9e Good e Alex Pretti. In citt\u00e0 \u00e8 atteso Bruce Springsteen<\/p>\n","protected":false},"excerpt":{"rendered":"Dall&#8217;Alaska a New York, il Paese torna in piazza per manifestare il suo dissenso contro le politiche del&hellip;\n","protected":false},"author":3,"featured_media":417279,"comment_status":"","ping_status":"","sticky":false,"template":"","format":"standard","meta":{"footnotes":"","_share_on_mastodon":"0"},"categories":[160],"tags":[14,164,165,369,206,1725,13166,22039,166,7,15,2469,242,11,167,12,168,410,3714,161,162,163],"class_list":["post-417278","post","type-post","status-publish","format-standard","has-post-thumbnail","category-mondo","tag-cronaca","tag-dal-mondo","tag-dalmondo","tag-digitall","tag-donald-trump","tag-fotogallery","tag-manifestazioni","tag-minneapolis","tag-mondo","tag-news","tag-notizie","tag-proteste","tag-stati-uniti","tag-ultime-notizie","tag-ultime-notizie-di-mondo","tag-ultimenotizie","tag-ultimenotiziedimondo","tag-usa","tag-washington","tag-world","tag-world-news","tag-worldnews"],"share_on_mastodon":{"url":"https:\/\/pubeurope.com\/@it\/116308787211556699","error":""},"_links":{"self":[{"href":"https:\/\/www.europesays.com\/it\/wp-json\/wp\/v2\/posts\/417278","targetHints":{"allow":["GET"]}}],"collection":[{"href":"https:\/\/www.europesays.com\/it\/wp-json\/wp\/v2\/posts"}],"about":[{"href":"https:\/\/www.europesays.com\/it\/wp-json\/wp\/v2\/types\/post"}],"author":[{"embeddable":true,"href":"https:\/\/www.europesays.com\/it\/wp-json\/wp\/v2\/users\/3"}],"replies":[{"embeddable":true,"href":"https:\/\/www.europesays.com\/it\/wp-json\/wp\/v2\/comments?post=417278"}],"version-history":[{"count":0,"href":"https:\/\/www.europesays.com\/it\/wp-json\/wp\/v2\/posts\/417278\/revisions"}],"wp:featuredmedia":[{"embeddable":true,"href":"https:\/\/www.europesays.com\/it\/wp-json\/wp\/v2\/media\/417279"}],"wp:attachment":[{"href":"https:\/\/www.europesays.com\/it\/wp-json\/wp\/v2\/media?parent=417278"}],"wp:term":[{"taxonomy":"category","embeddable":true,"href":"https:\/\/www.europesays.com\/it\/wp-json\/wp\/v2\/categories?post=417278"},{"taxonomy":"post_tag","embeddable":true,"href":"https:\/\/www.europesays.com\/it\/wp-json\/wp\/v2\/tags?post=417278"}],"curies":[{"name":"wp","href":"https:\/\/api.w.org\/{rel}","templated":true}]}}