{"id":417850,"date":"2026-03-29T06:21:14","date_gmt":"2026-03-29T06:21:14","guid":{"rendered":"https:\/\/www.europesays.com\/it\/417850\/"},"modified":"2026-03-29T06:21:14","modified_gmt":"2026-03-29T06:21:14","slug":"giustizia-giuseppe-tango-eletto-nuovo-presidente-anm-ecco-chi-e","status":"publish","type":"post","link":"https:\/\/www.europesays.com\/it\/417850\/","title":{"rendered":"Giustizia, Giuseppe Tango eletto nuovo presidente Anm: ecco chi \u00e8"},"content":{"rendered":"<p>Giuseppe Tango \u00e8 il nuovo presidente dell&#8217;Anm. Tango \u00e8 stato eletto per acclamazione dal Comitato direttivo centrale dell&#8217;Associazione dove oggi l&#8217;ormai ex presidente Cesare Parodi aveva formalizzato le sue dimissioni.\u00a0Si \u00e8 proceduto poi anche con l&#8217;elezione formale di Tango come previsto da statuto ed \u00e8 stato eletto con 31 voti e un astenuto. Prima dell&#8217;applauso che ha &#8216;incoronato&#8217; alla guida dell&#8217;Anm Tango, era stato Cesare Parodi a indicarlo a nome del gruppo di Magistratura Indipendente: &#8220;Non \u00e8 mistero che sono legato a una salda amicizia con Antonio D&#8217;Amato, persona che avremmo voluto presentare: ho cercato in tutti i modi di convincerlo, ma non ritiene doversi presentare. Mi \u00e8 un gruppo fortemente democratico e non possiamo che fare nostra l&#8217;indicazione degli elettori, dei colleghi che a livello nazionale hanno espresso 700 preferenze per Giuseppe Tango&#8221;.<\/p>\n<p>\t\t \tChi \u00e8 il nuovo presidente dell&#8217;Associazione nazionale magistrati<\/p>\n<p>Giuseppe Tango, 43 anni, giudice del lavoro a Palermo ed esponente del gruppo di Magistratura Indipendente, \u00e8 stato il magistrato il pi\u00f9 votato alle ultime elezioni per il nuovo comitato direttivo dell&#8217;Anm, nel gennaio 2025. Ha fatto parte della Giunta esecutiva centrale guidata da Cesare Parodi, che appartiene alla sua stessa corrente, e di cui, oggi, diventa il successore. In passato \u00e8 stato presidente della Giunta sezionale dell&#8217;Anm di Palermo.\u00a0<\/p>\n<p>&#8220;Recuperare dialogo con la politica&#8221;<\/p>\n<p>&#8220;Da domani ci metteremo tutti al lavoro insieme agli altri attori della giurisdizione per proporre soluzioni che possano davvero migliorare la giustizia, li viviamo quotidianamente, e riannodando, se fosse possibile, i nodi di un autentico dialogo con l&#8217;interlocutore politico&#8221;, ha detto il nuovo presidente dell&#8217;Anm, subito dopo la sua elezione.\u00a0<br \/>\u00a0<\/p>\n<p>Nordio a Tango: troveremo elementi di concordia<\/p>\n<p>&#8220;Prendo atto delle dichiarazioni del nuovo Presidente dell&#8217;Anm Giuseppe Tango al quale auguro un buon lavoro e un fruttuoso rapporto con noi. Sono certo che, dopo questo momento di contrapposizione, riusciremo a trovare gli elementi di concordia per una giustizia pi\u00f9\u00a0 efficiente e pi\u00f9 moderna. Rinnovo anche il mio cordiale saluto al presidente e amico Cesare Parodi&#8221;, commenta il ministro della Giustizia Carlo Nordio.<\/p>\n<p>\t\t\t<a class=\"c-inline-card j-inline-card c-inline-card--with-image\" href=\"https:\/\/tg24.sky.it\/cronaca\/2026\/03\/23\/cesare-parodi-dimissioni-anm\" rel=\"follow nofollow noopener\" data-intcmp=\"skytg24_articolo_approfondimenti_inline\" target=\"_blank\"><\/p>\n<p>\t\t\t         <img decoding=\"async\" crossorigin=\"anonymous\" alt=\"\" src=\"https:\/\/www.europesays.com\/it\/wp-content\/uploads\/2026\/03\/parodi_ansa.jpg\"  loading=\"lazy\"  bad-src=\"https:\/\/www.europesays.com\/it\/wp-content\/uploads\/2026\/03\/parodi_ansa.jpg\"\/><\/p>\n<p>\n\t\t\t         Approfondimento<br \/>\n\t\t\t         Anm, Cesare Parodi si dimette dalla presidenza per motivi personali\n\t\t\t      <\/p>\n<p>\t\t\t<\/a><\/p>\n","protected":false},"excerpt":{"rendered":"Giuseppe Tango \u00e8 il nuovo presidente dell&#8217;Anm. Tango \u00e8 stato eletto per acclamazione dal Comitato direttivo centrale dell&#8217;Associazione&hellip;\n","protected":false},"author":3,"featured_media":417851,"comment_status":"","ping_status":"","sticky":false,"template":"","format":"standard","meta":{"footnotes":"","_share_on_mastodon":"0"},"categories":[6],"tags":[10080,14,485,8,1537,90,89,7,15,82,9,83,10,13,11,80,84,12,81,85],"class_list":["post-417850","post","type-post","status-publish","format-standard","has-post-thumbnail","category-ultime-notizie","tag-anm","tag-cronaca","tag-giustizia","tag-headlines","tag-it","tag-italia","tag-italy","tag-news","tag-notizie","tag-notizie-di-cronaca","tag-notizie-principali","tag-notiziedicronaca","tag-notizieprincipali","tag-titoli","tag-ultime-notizie","tag-ultime-notizie-di-cronaca","tag-ultime-notizie-e-news-di-oggi","tag-ultimenotizie","tag-ultimenotiziedicronaca","tag-ultimenotizieenewsdioggi"],"share_on_mastodon":{"url":"https:\/\/pubeurope.com\/@it\/116311024271515350","error":""},"_links":{"self":[{"href":"https:\/\/www.europesays.com\/it\/wp-json\/wp\/v2\/posts\/417850","targetHints":{"allow":["GET"]}}],"collection":[{"href":"https:\/\/www.europesays.com\/it\/wp-json\/wp\/v2\/posts"}],"about":[{"href":"https:\/\/www.europesays.com\/it\/wp-json\/wp\/v2\/types\/post"}],"author":[{"embeddable":true,"href":"https:\/\/www.europesays.com\/it\/wp-json\/wp\/v2\/users\/3"}],"replies":[{"embeddable":true,"href":"https:\/\/www.europesays.com\/it\/wp-json\/wp\/v2\/comments?post=417850"}],"version-history":[{"count":0,"href":"https:\/\/www.europesays.com\/it\/wp-json\/wp\/v2\/posts\/417850\/revisions"}],"wp:featuredmedia":[{"embeddable":true,"href":"https:\/\/www.europesays.com\/it\/wp-json\/wp\/v2\/media\/417851"}],"wp:attachment":[{"href":"https:\/\/www.europesays.com\/it\/wp-json\/wp\/v2\/media?parent=417850"}],"wp:term":[{"taxonomy":"category","embeddable":true,"href":"https:\/\/www.europesays.com\/it\/wp-json\/wp\/v2\/categories?post=417850"},{"taxonomy":"post_tag","embeddable":true,"href":"https:\/\/www.europesays.com\/it\/wp-json\/wp\/v2\/tags?post=417850"}],"curies":[{"name":"wp","href":"https:\/\/api.w.org\/{rel}","templated":true}]}}