{"id":418119,"date":"2026-03-29T10:43:15","date_gmt":"2026-03-29T10:43:15","guid":{"rendered":"https:\/\/www.europesays.com\/it\/418119\/"},"modified":"2026-03-29T10:43:15","modified_gmt":"2026-03-29T10:43:15","slug":"la-formidabile-vita-di-armida-fernandez-tempi","status":"publish","type":"post","link":"https:\/\/www.europesays.com\/it\/418119\/","title":{"rendered":"La formidabile vita di Armida Fernandez- Tempi"},"content":{"rendered":"<p>&#13;<br \/>\n&#13;<\/p>\n<p>Contenuto riservato agli abbonati<\/p>\n<p>    &#13;<br \/>\n    &#13;<br \/>\n    &#13;<br \/>\n&#13;<\/p>\n<p>Dharavi \u00e8 lo slum pi\u00f9 grande dell\u2019Asia. Nella baraccopoli di Mumbai di 2,39 chilometri quadrati, in scatole di lamiera che si appoggiano l\u2019una sull\u2019altra, vivono oltre un milione di persone. Se la densit\u00e0 abitativa di una citt\u00e0 come Milano \u00e8 7.477 abitanti per chilometro quadrato, a Dharavi \u00e8 pari a 418 mila, 15 volte di pi\u00f9 della gi\u00e0 sovrappopolata Mumbai, capitale commerciale dell\u2019India. Le case di circa 10 metri quadrati, senza finestre, sono quasi tutte soppalcate e all\u2019interno ci vivono in media due famiglie per un totale di 10-15 persone. Le viuzze che dividono le file caotiche di abitazioni sono strette, asfittiche, tanto che l\u2019aria non passa e spesso neanche la luce. Dharavi \u00e8 un formicaio, un\u2019India in miniatura, la sua popolazione proviene da ogni angolo del paese e oggi lo slum \u00e8 diventato un centro manifatturiero internazionale: dentro ogni baracca fiorisce una microazienda e le migliaia di imprese generano un Pil di circa un miliardo di dollari all\u2019anno.<br \/>\nIn molti quartieri &#8230;<\/p>\n<p>Contenuto riservato agli abbonati Digitale e Full<\/p>\n<p>                                                                                                &#13;<br \/>\n                                    <img decoding=\"async\" src=\"https:\/\/www.europesays.com\/it\/wp-content\/uploads\/2026\/01\/tempi-black-small.png\" alt=\"\"\/>&#13;<\/p>\n<p>                                                                                                    Digitale<\/p>\n<p>Il quotidiano online<br \/>&#13;<br \/>\n<strong>+ il mensile digitale<\/strong>\n<\/p>\n<p>                                                                                                &#13;<br \/>\n                                    <img decoding=\"async\" src=\"https:\/\/www.europesays.com\/it\/wp-content\/uploads\/2026\/01\/tempi-black-small.png\" alt=\"\"\/>&#13;<\/p>\n<p>                                                                                                    Full<\/p>\n<p>Il quotidiano online<br \/>&#13;<br \/>\n<strong>+ il mensile digitale e cartaceo<\/strong>\n<\/p>\n<p>                    <strong>Tempi capisce, colpisce. <strong>Abbonati subito.<\/strong><\/strong><br \/>\n                    <a href=\"https:\/\/www.tempi.it\/abbonati-a-tempi-digitale-e-full\/\" class=\"btn btn-primary\" target=\"\" rel=\"nofollow noopener\">Scopri l\u2019offerta &#13;<br \/>\n  &#13;<br \/>\n<\/a><\/p>\n<p>                            &#13;<br \/>\n  &#13;<\/p>\n<p>                            Sei gi\u00e0 abbonato a Tempi?<br \/>\n                            &#13;<br \/>\n                                Accedi&#13;<\/p>\n<p>\t&#13;<br \/>\n&#13;<br \/>\n\t        &#13;<br \/>\n            &#13;<br \/>\n&#13;<br \/>\n            &#13;<br \/>\n&#13;<br \/>\n            &#13;<br \/>\n        &#13;<br \/>\n        &#13;<br \/>\n    &#13;<br \/>\n&#13;<\/p>\n","protected":false},"excerpt":{"rendered":"&#13; &#13; Contenuto riservato agli abbonati &#13; &#13; &#13; &#13; Dharavi \u00e8 lo slum pi\u00f9 grande dell\u2019Asia. Nella&hellip;\n","protected":false},"author":3,"featured_media":418120,"comment_status":"","ping_status":"","sticky":false,"template":"","format":"standard","meta":{"footnotes":"","_share_on_mastodon":"0"},"categories":[1442],"tags":[38863,203,454,8320,204,1537,90,89,32961,1521,237790],"class_list":["post-418119","post","type-post","status-publish","format-standard","has-post-thumbnail","category-film","tag-aborto","tag-entertainment","tag-film","tag-india","tag-intrattenimento","tag-it","tag-italia","tag-italy","tag-magazine","tag-movies","tag-tempi-marzo-2026"],"share_on_mastodon":{"url":"https:\/\/pubeurope.com\/@it\/116312055175623852","error":""},"_links":{"self":[{"href":"https:\/\/www.europesays.com\/it\/wp-json\/wp\/v2\/posts\/418119","targetHints":{"allow":["GET"]}}],"collection":[{"href":"https:\/\/www.europesays.com\/it\/wp-json\/wp\/v2\/posts"}],"about":[{"href":"https:\/\/www.europesays.com\/it\/wp-json\/wp\/v2\/types\/post"}],"author":[{"embeddable":true,"href":"https:\/\/www.europesays.com\/it\/wp-json\/wp\/v2\/users\/3"}],"replies":[{"embeddable":true,"href":"https:\/\/www.europesays.com\/it\/wp-json\/wp\/v2\/comments?post=418119"}],"version-history":[{"count":0,"href":"https:\/\/www.europesays.com\/it\/wp-json\/wp\/v2\/posts\/418119\/revisions"}],"wp:featuredmedia":[{"embeddable":true,"href":"https:\/\/www.europesays.com\/it\/wp-json\/wp\/v2\/media\/418120"}],"wp:attachment":[{"href":"https:\/\/www.europesays.com\/it\/wp-json\/wp\/v2\/media?parent=418119"}],"wp:term":[{"taxonomy":"category","embeddable":true,"href":"https:\/\/www.europesays.com\/it\/wp-json\/wp\/v2\/categories?post=418119"},{"taxonomy":"post_tag","embeddable":true,"href":"https:\/\/www.europesays.com\/it\/wp-json\/wp\/v2\/tags?post=418119"}],"curies":[{"name":"wp","href":"https:\/\/api.w.org\/{rel}","templated":true}]}}