{"id":418190,"date":"2026-03-29T11:44:13","date_gmt":"2026-03-29T11:44:13","guid":{"rendered":"https:\/\/www.europesays.com\/it\/418190\/"},"modified":"2026-03-29T11:44:13","modified_gmt":"2026-03-29T11:44:13","slug":"accoltellamento-le-scuole-di-trescore-discrezione","status":"publish","type":"post","link":"https:\/\/www.europesays.com\/it\/418190\/","title":{"rendered":"Accoltellamento, le scuole di Trescore: \u00abDiscrezione\u00bb"},"content":{"rendered":"\n<p> Qui da tempo gi\u00e0 si sta discutendo di sicurezza, prevenzione di furti e risse tra studenti. La paura e la preoccupazione si sono diffuse rapidamente tra docenti, personale e ragazzi, mettendo in allerta tutti. <a href=\"https:\/\/www.ecodibergamo.it\/classification\/person\/chiara-mocchi_93807_854\/\" target=\"_blank\" rel=\"nofollow noopener\">E dopo il grave fatto che ha avuto come vittima la professoressa Mocchi alle scuole medie<\/a>, le dirigenti dei due istituti superiori, Lucia Perri del \u00abFederici\u00bb e Laura Ferretti del \u00abLotto\u00bb, hanno diramato una<strong class=\"nero\"> circolare interna \u00aburgente e importante\u00bb<\/strong>, invitando insegnanti e personale Ata a mantenere la massima discrezione nei confronti della stampa e dei canali esterni, inclusi social network. <\/p>\n<p>  Massima discrezione <\/p>\n<p>\u00abSolo la direzione potr\u00e0 gestire comunicazioni ufficiali\u00bb, recita la circolare. Parallelamente, sono state fornite indicazioni su come affrontare il tema con gli studenti, privilegiando un approccio sobrio, rassicurante e attento alle reazioni emotive.<\/p>\n<p> \u00abLa nostra priorit\u00e0 \u00e8 tutelare chi \u00e8 coinvolto e accompagnare docenti e studenti in un momento cos\u00ec delicato \u2013 spiega Lucia Perri, dirigente del liceo \u201cFederici\u201d \u2013. Non si tratta di limitare la comunicazione, ma di orientarla correttamente, evitando la diffusione di informazioni non verificate e preservando un clima sereno\u00bb. Tuttavia, la misura ha suscitato perplessit\u00e0 tra alcuni insegnanti: \u00abComprendiamo l\u2019esigenza di evitare confusione, ma un controllo cos\u00ec rigido rischia di diventare sabotaggio della libert\u00e0 di parola, minando la fiducia e la collaborazione tra colleghi\u00bb, fanno notare alcuni professori.<\/p>\n<p>  Coinvolta una psicologa <\/p>\n<p> Per supportare la comunit\u00e0 scolastica, fa notare la dirigente Perri, sono disponibili spazi di ascolto con una psicologa anche per i docenti, offrendo strumenti per gestire emozioni e ansie. \u00abVogliamo dare ai ragazzi sicurezza e fiducia, e ai docenti supporto nella gestione delle reazioni emotive, senza che la formazione venga compromessa\u00bb, aggiunge Perri.<br \/>Il dibattito resta aperto, mentre studenti, famiglie e insegnanti cercano di trovare un equilibrio tra prudenza e partecipazione, nel tentativo di rafforzare la sicurezza e il clima collaborativo nelle scuole di Trescore. <\/p>\n","protected":false},"excerpt":{"rendered":"Qui da tempo gi\u00e0 si sta discutendo di sicurezza, prevenzione di furti e risse tra studenti. La paura&hellip;\n","protected":false},"author":3,"featured_media":418191,"comment_status":"","ping_status":"","sticky":false,"template":"","format":"standard","meta":{"footnotes":"","_share_on_mastodon":"0"},"categories":[79],"tags":[2687,14,93,94,1909,25905,485,23475,1537,90,89,237810,3115,237809,237811,7,15,2259,2061,2258,11,84,91,12,85,92],"class_list":["post-418190","post","type-post","status-publish","format-standard","has-post-thumbnail","category-italia","tag-criminalita","tag-cronaca","tag-cronaca-italiana","tag-cronacaitaliana","tag-famiglia","tag-federici","tag-giustizia","tag-istruzione","tag-it","tag-italia","tag-italy","tag-laura-ferretti","tag-lotto","tag-lucia-perri","tag-monica-armeli","tag-news","tag-notizie","tag-questioni-sociali-generico","tag-scuola","tag-sociale","tag-ultime-notizie","tag-ultime-notizie-e-news-di-oggi","tag-ultime-notizie-italia","tag-ultimenotizie","tag-ultimenotizieenewsdioggi","tag-ultimenotizieitalia"],"share_on_mastodon":{"url":"https:\/\/pubeurope.com\/@it\/116312294484240207","error":""},"_links":{"self":[{"href":"https:\/\/www.europesays.com\/it\/wp-json\/wp\/v2\/posts\/418190","targetHints":{"allow":["GET"]}}],"collection":[{"href":"https:\/\/www.europesays.com\/it\/wp-json\/wp\/v2\/posts"}],"about":[{"href":"https:\/\/www.europesays.com\/it\/wp-json\/wp\/v2\/types\/post"}],"author":[{"embeddable":true,"href":"https:\/\/www.europesays.com\/it\/wp-json\/wp\/v2\/users\/3"}],"replies":[{"embeddable":true,"href":"https:\/\/www.europesays.com\/it\/wp-json\/wp\/v2\/comments?post=418190"}],"version-history":[{"count":0,"href":"https:\/\/www.europesays.com\/it\/wp-json\/wp\/v2\/posts\/418190\/revisions"}],"wp:featuredmedia":[{"embeddable":true,"href":"https:\/\/www.europesays.com\/it\/wp-json\/wp\/v2\/media\/418191"}],"wp:attachment":[{"href":"https:\/\/www.europesays.com\/it\/wp-json\/wp\/v2\/media?parent=418190"}],"wp:term":[{"taxonomy":"category","embeddable":true,"href":"https:\/\/www.europesays.com\/it\/wp-json\/wp\/v2\/categories?post=418190"},{"taxonomy":"post_tag","embeddable":true,"href":"https:\/\/www.europesays.com\/it\/wp-json\/wp\/v2\/tags?post=418190"}],"curies":[{"name":"wp","href":"https:\/\/api.w.org\/{rel}","templated":true}]}}