{"id":418334,"date":"2026-03-29T14:09:12","date_gmt":"2026-03-29T14:09:12","guid":{"rendered":"https:\/\/www.europesays.com\/it\/418334\/"},"modified":"2026-03-29T14:09:12","modified_gmt":"2026-03-29T14:09:12","slug":"giro-di-catalogna-vince-vingegaard-ciccone-re-degli-scalatori","status":"publish","type":"post","link":"https:\/\/www.europesays.com\/it\/418334\/","title":{"rendered":"Giro di Catalogna, vince Vingegaard. Ciccone re degli scalatori"},"content":{"rendered":"<p>                                Nell&#8217;ultima frazione, sul circuito del Montjuic a Barcellona, spunto vincente per l&#8217;australiano Brady Gilmore<\/p>\n<p class=\"paragraph\" spellcheck=\"true\">Jonas Vingegaard ha vinto il Giro di Catalogna, la pi\u00f9 antica corsa a tappe spagnola visto che si tratta dell&#8217;edizione 105. Per il 29enne danese della Visma-Lease a Bike si tratta del 48\u00b0 successo da pro&#8217;: in questa stagione, che lo vedr\u00e0 debuttare al Giro d&#8217;Italia, aveva gi\u00e0 conquistato la Parigi-Nizza. Si \u00e8 imposto per la prima volta nella gara catalana. Nell&#8217;ultima tappa, 95 chilometri a Barcellona sul classico circuito del Montjuic (dove si assegner\u00e0 il 4 luglio la prima maglia gialla del Tour 2026), vittoria per l&#8217;australiano della Nsn Brady Gilmore (primo successo in carriera nel World Tour) su Godon e Evenepoel; settimo Vergallito, ottavo Gualdi. In classifica, con Vingegaard, sul podio il francese Martinez e il tedesco Lipowitz. Da segnalare anche che il nostro Giulio Ciccone ha conquistato la classifica della montagna.<\/p>\n","protected":false},"excerpt":{"rendered":"Nell&#8217;ultima frazione, sul circuito del Montjuic a Barcellona, spunto vincente per l&#8217;australiano Brady Gilmore Jonas Vingegaard ha vinto&hellip;\n","protected":false},"author":3,"featured_media":418335,"comment_status":"","ping_status":"","sticky":false,"template":"","format":"standard","meta":{"footnotes":"","_share_on_mastodon":"0"},"categories":[1456],"tags":[7376,351,54770,37488,48581,1824,12721,237863,1932,3344,1825,3369,1537,90,89,245,244,2223],"class_list":["post-418334","post","type-post","status-publish","format-standard","has-post-thumbnail","category-ciclismo","tag-australiano","tag-barcellona","tag-brady","tag-brady-gilmore","tag-catalogna","tag-ciclismo","tag-circuito","tag-circuito-montjuic","tag-classifica","tag-conquistato","tag-cycling","tag-giro","tag-it","tag-italia","tag-italy","tag-sport","tag-sports","tag-vingegaard"],"share_on_mastodon":{"url":"https:\/\/pubeurope.com\/@it\/116312864503599619","error":""},"_links":{"self":[{"href":"https:\/\/www.europesays.com\/it\/wp-json\/wp\/v2\/posts\/418334","targetHints":{"allow":["GET"]}}],"collection":[{"href":"https:\/\/www.europesays.com\/it\/wp-json\/wp\/v2\/posts"}],"about":[{"href":"https:\/\/www.europesays.com\/it\/wp-json\/wp\/v2\/types\/post"}],"author":[{"embeddable":true,"href":"https:\/\/www.europesays.com\/it\/wp-json\/wp\/v2\/users\/3"}],"replies":[{"embeddable":true,"href":"https:\/\/www.europesays.com\/it\/wp-json\/wp\/v2\/comments?post=418334"}],"version-history":[{"count":0,"href":"https:\/\/www.europesays.com\/it\/wp-json\/wp\/v2\/posts\/418334\/revisions"}],"wp:featuredmedia":[{"embeddable":true,"href":"https:\/\/www.europesays.com\/it\/wp-json\/wp\/v2\/media\/418335"}],"wp:attachment":[{"href":"https:\/\/www.europesays.com\/it\/wp-json\/wp\/v2\/media?parent=418334"}],"wp:term":[{"taxonomy":"category","embeddable":true,"href":"https:\/\/www.europesays.com\/it\/wp-json\/wp\/v2\/categories?post=418334"},{"taxonomy":"post_tag","embeddable":true,"href":"https:\/\/www.europesays.com\/it\/wp-json\/wp\/v2\/tags?post=418334"}],"curies":[{"name":"wp","href":"https:\/\/api.w.org\/{rel}","templated":true}]}}