{"id":418655,"date":"2026-03-29T19:11:14","date_gmt":"2026-03-29T19:11:14","guid":{"rendered":"https:\/\/www.europesays.com\/it\/418655\/"},"modified":"2026-03-29T19:11:14","modified_gmt":"2026-03-29T19:11:14","slug":"emilien-jacquelin-firma-con-il-team-devo-della-decathlon","status":"publish","type":"post","link":"https:\/\/www.europesays.com\/it\/418655\/","title":{"rendered":"EMILIEN JACQUELIN FIRMA CON IL TEAM DEVO DELLA DECATHLON"},"content":{"rendered":"<p>            <a class=\"category\" href=\"https:\/\/www.tuttobiciweb.it\/articles\/category\/NEWS\" itemprop=\"about\" rel=\"nofollow noopener\" target=\"_blank\">NEWS<\/a> | 29\/03\/2026 | 19:00<br \/>\n            <a class=\"author\" href=\"https:\/\/www.tuttobiciweb.it\/articles\/author\/Benjamin%20Le%20Goff\" rel=\"nofollow noopener\" target=\"_blank\">di Benjamin Le Goff<\/a><\/p>\n<p>Con l&#8217;orecchino di Marco Pantani al lobo dell&#8217;orecchio sinistro<a href=\"https:\/\/www.tuttobiciweb.it\/article\/2026\/02\/15\/1771168129\/olimpiadi-biathlon-marco-pantani-sport\" target=\"_blank\" rel=\"noopener nofollow\"> \u00e8 salito sul gradino pi\u00f9 alto del podio olimpico<\/a>, ora vuol fare di pi\u00f9: Emilien Jacquelin mette da parte gli sci stretti da biatleta e si lancia in una nuova avventura proprio nel ciclismo.\n            <\/p>\n<p>A 30 anni, infatti, Jacquelin realizza un sogno e correr\u00e0 in bicicletta con la maglia della Decathlon CMA CGM Development. Il ciclismo per Emilien \u00e8 una passione da sempre e per i prossimi sei mesi lo sport delle due ruote sar\u00e0 la sua casa. .\n            <\/p>\n<p>Gi\u00e0 da qualche settimana Emilien aveva fatto intendere che il suo futuro fosse in bilico nella \u201csua\u201d disciplina, ma l\u2019obiettivo dei Giochi Olimpici del 2030 in casa resta tale, come ha spiegato oggi a RMC Sport il diretto interessato.<\/p>\n<p>\u00abE\u2019 una sfida enorme che affronto con entusiasmo, curiosit\u00e0 e umilt\u00e0, rendendomi conto di quanto sia fortunato ad avere questa opportunit\u00e0. \u00c8 un progetto un po\u2019 folle, lo so, ma un\u2019idea che coltivavo da diversi anni e gli appassionati di biathlon lo sanno da tempo. Ora ho questa occasione per mettermi alla prova, per dimostrare a me stesso in un altro sport di essere in grado di ottenere buoni risultati, e si tratta anche di cercare di realizzare uno dei miei sogni d\u2019infanzia\u00bb.<\/p>\n<p>E ancora: \u00abCosa far\u00f2 con il biathlon? Quella con il ciclismo \u00e8 una nuova sfida, ma non credo che la mia storia con il biathlon sia finita. I Giochi del 2030, come ho gi\u00e0 detto e come continuo a credere, sono un obiettivo; Voglio provare a diventare campione olimpico in Francia, davanti al mio pubblico, ma so anche che in alcuni aspetti del biathlon ho raggiunto i miei limiti e questa opportunit\u00e0 mi entusiasma e mi motiva a spingermi oltre ogni giorno\u00bb.<\/p>\n<p>Ancora presto parlare di esordio agonistico ma una cosa \u00e8 certa: dopo le imprese olimpiche che hanno fatto conoscere al mondo il suo amore per Pantani, Jacquelin potr\u00e0 contare sul tifo di tanti appassionati che hanno e avranno sempre Marco nel cuore.<\/p>\n<p>\n    <a href=\"https:\/\/www.tuttobiciweb.it\/article\/2026\/03\/29\/1774805462\/cycling-jacquelin-biathlon-decathlon-cma-cgm-development-discipline-change?lang=en\" rel=\"nofollow noopener\" target=\"_blank\"><img decoding=\"async\" src=\"https:\/\/www.europesays.com\/it\/wp-content\/uploads\/2025\/12\/enver.png\"\/><\/a><\/p>\n<p>Copyright &amp;copy TBW<\/p>\n","protected":false},"excerpt":{"rendered":"NEWS | 29\/03\/2026 | 19:00 di Benjamin Le Goff Con l&#8217;orecchino di Marco Pantani al lobo dell&#8217;orecchio sinistro&hellip;\n","protected":false},"author":3,"featured_media":418656,"comment_status":"","ping_status":"","sticky":false,"template":"","format":"standard","meta":{"footnotes":"","_share_on_mastodon":"0"},"categories":[1456],"tags":[19224,238058,1824,1825,238057,1537,90,89,209724,245,244],"class_list":["post-418655","post","type-post","status-publish","format-standard","has-post-thumbnail","category-ciclismo","tag-biathlon","tag-cambio-disciplina","tag-ciclismo","tag-cycling","tag-decathlon-cma-cgm-development","tag-it","tag-italia","tag-italy","tag-jacquelin","tag-sport","tag-sports"],"share_on_mastodon":{"url":"https:\/\/pubeurope.com\/@it\/116314052312817870","error":""},"_links":{"self":[{"href":"https:\/\/www.europesays.com\/it\/wp-json\/wp\/v2\/posts\/418655","targetHints":{"allow":["GET"]}}],"collection":[{"href":"https:\/\/www.europesays.com\/it\/wp-json\/wp\/v2\/posts"}],"about":[{"href":"https:\/\/www.europesays.com\/it\/wp-json\/wp\/v2\/types\/post"}],"author":[{"embeddable":true,"href":"https:\/\/www.europesays.com\/it\/wp-json\/wp\/v2\/users\/3"}],"replies":[{"embeddable":true,"href":"https:\/\/www.europesays.com\/it\/wp-json\/wp\/v2\/comments?post=418655"}],"version-history":[{"count":0,"href":"https:\/\/www.europesays.com\/it\/wp-json\/wp\/v2\/posts\/418655\/revisions"}],"wp:featuredmedia":[{"embeddable":true,"href":"https:\/\/www.europesays.com\/it\/wp-json\/wp\/v2\/media\/418656"}],"wp:attachment":[{"href":"https:\/\/www.europesays.com\/it\/wp-json\/wp\/v2\/media?parent=418655"}],"wp:term":[{"taxonomy":"category","embeddable":true,"href":"https:\/\/www.europesays.com\/it\/wp-json\/wp\/v2\/categories?post=418655"},{"taxonomy":"post_tag","embeddable":true,"href":"https:\/\/www.europesays.com\/it\/wp-json\/wp\/v2\/tags?post=418655"}],"curies":[{"name":"wp","href":"https:\/\/api.w.org\/{rel}","templated":true}]}}