{"id":418747,"date":"2026-03-29T20:36:21","date_gmt":"2026-03-29T20:36:21","guid":{"rendered":"https:\/\/www.europesays.com\/it\/418747\/"},"modified":"2026-03-29T20:36:21","modified_gmt":"2026-03-29T20:36:21","slug":"reggio-emilia-passa-nel-finale","status":"publish","type":"post","link":"https:\/\/www.europesays.com\/it\/418747\/","title":{"rendered":"Reggio Emilia passa nel finale"},"content":{"rendered":"<p>Una sconfitta che lascia scorie, pi\u00f9 per come \u00e8 maturata che per il risultato in s\u00e9. La Germani Brescia lotta, reagisce e resta agganciata alla gara per lunghi tratti, ma deve arrendersi nel finale alla maggiore lucidit\u00e0 della UNA Hotels Reggio Emilia, capace di colpire nei momenti chiave e di espugnare il PalaLeonessa A2A.<\/p>\n<p>La partita<\/p>\n<p>L\u2019avvio \u00e8 subito acceso e porta la firma dell\u2019ex di turno, Amedeo Della Valle, che rompe l\u2019equilibrio con una conclusione pesante. Brescia prova a costruire gioco interno sfruttando Miro Bilan, ben servito da Nemanja Ivanovic, ma dall\u2019altra parte Reggio Emilia mostra immediatamente ritmo e fluidit\u00e0. La transizione guidata da Brandon Caupain accende Michele Woldetensae e Kwan Cheatham Brown, mentre sotto canestro la fisicit\u00e0 degli ospiti garantisce seconde opportunit\u00e0 preziose. Il primo quarto scivola via in equilibrio, con gli emiliani leggermente avanti.<br \/>Nel secondo periodo la partita si fa pi\u00f9 ruvida. Reggio Emilia prova a scappare, sfruttando ancora la presenza dominante di Frank Echenique nel pitturato. Coach Matteo Cotelli prova a fermare l\u2019inerzia e ottiene una risposta: Brescia aumenta l\u2019intensit\u00e0 e trova punti importanti con Ivanovic e CJ Massinburg. Quando sembra poter cambiare marcia, per\u00f2, la Germani si scontra con la concretezza ospite, che torna a spingere fino al +8. A riaccendere il PalaLeonessa \u00e8 ancora Della Valle: il capitano si prende la scena con una serie di triple che ribaltano l\u2019inerzia e riportano avanti i suoi. Ma la UNA Hotels non si disunisce e, con freddezza, chiude il primo tempo ancora in vantaggio.<br \/>Dopo l\u2019intervallo Brescia prova a cambiare passo. Maurice Ndour alza il livello difensivo e si fa sentire anche in attacco, dando energia a tutta la squadra. La Germani sembra poter prendere in mano la gara, ma ogni tentativo viene prontamente respinto. Reggio Emilia continua a muovere bene la palla e trova canestri pesanti dall\u2019arco, mantenendo il controllo del ritmo. I biancobl\u00f9 restano comunque a contatto grazie alla coppia Della Valle\u2013Bilan e ai lampi di Jason Burnell, ma al termine del terzo quarto il divario resta invariato.<br \/>L\u2019ultimo periodo \u00e8 una sfida nervosa, giocata sul filo degli episodi. Brescia stringe le maglie in difesa e riesce a tornare a un solo possesso di distanza, alimentando le speranze del pubblico. \u00c8 il momento in cui servirebbe il colpo decisivo, ma arriva invece quello degli ospiti: un parziale secco che spezza l\u2019equilibrio e indirizza la partita. La Germani accusa il colpo, perde fluidit\u00e0 in attacco e non riesce pi\u00f9 a rientrare.<br \/>Il finale racconta di una Brescia generosa ma poco lucida nei momenti cruciali. Reggio Emilia ne approfitta, gestisce e porta a casa una vittoria meritata. Per la Germani resta il rammarico: la sensazione \u00e8 che la partita fosse alla portata, ma serviva maggiore continuit\u00e0 per trasformarla in un successo.<\/p>\n<p>Gli highlights<\/p>\n<p>undefined<\/p>\n<p>Il tabellino<\/p>\n<p>GERMANI BRESCIA 92<br \/>UNA HOTELS REGGIO EMILIA 101<br \/>PARZIALI (21-23;29-28;22-26;20-24)<br \/>GERMANI BRESCIA: Ivanovic 12, Della Valle 21, Rivers, Ndour 7, Bilan 30, Burnell 12, Massinburg 7, Cournooh 2, Mobio, Doneda ne, Ferrero ne, Santinon ne. Allenatore: Matteo Cotelli.<br \/>UNA HOTELS REGGIO EMILIA: Brown 5, Caupain 13, Woldetensae 7, Severini 6, Williams 11, Barford 17, Rossato 15, Thor 13, Echenique 10, Uglietti 4, Mainini ne, Vitali ne. Allenatore: Dimitris Priftis.<br \/>ARBITRI: Grigioni, Borgioni, Dionisi.<\/p>\n<p>         &#13;<br \/>\n  &#13;<br \/>\n    &#13;<br \/>\n      &#13;<br \/>\n    &#13;<br \/>\n    <strong>3<\/strong> minuti di lettura   &#13;<\/p>\n","protected":false},"excerpt":{"rendered":"Una sconfitta che lascia scorie, pi\u00f9 per come \u00e8 maturata che per il risultato in s\u00e9. La Germani&hellip;\n","protected":false},"author":3,"featured_media":418748,"comment_status":"","ping_status":"","sticky":false,"template":"","format":"standard","meta":{"footnotes":"","_share_on_mastodon":"0"},"categories":[1453],"tags":[1756,1757,1856,14,44998,1537,90,89,9637,10527,22326,245,244,21067,2392],"class_list":["post-418747","post","type-post","status-publish","format-standard","has-post-thumbnail","category-basket","tag-basket","tag-basketball","tag-campionato","tag-cronaca","tag-highlights","tag-it","tag-italia","tag-italy","tag-pallacanestro","tag-pallacanestro-brescia","tag-reggio-emilia","tag-sport","tag-sports","tag-tabellino","tag-video"],"share_on_mastodon":{"url":"https:\/\/pubeurope.com\/@it\/116314386217018466","error":""},"_links":{"self":[{"href":"https:\/\/www.europesays.com\/it\/wp-json\/wp\/v2\/posts\/418747","targetHints":{"allow":["GET"]}}],"collection":[{"href":"https:\/\/www.europesays.com\/it\/wp-json\/wp\/v2\/posts"}],"about":[{"href":"https:\/\/www.europesays.com\/it\/wp-json\/wp\/v2\/types\/post"}],"author":[{"embeddable":true,"href":"https:\/\/www.europesays.com\/it\/wp-json\/wp\/v2\/users\/3"}],"replies":[{"embeddable":true,"href":"https:\/\/www.europesays.com\/it\/wp-json\/wp\/v2\/comments?post=418747"}],"version-history":[{"count":0,"href":"https:\/\/www.europesays.com\/it\/wp-json\/wp\/v2\/posts\/418747\/revisions"}],"wp:featuredmedia":[{"embeddable":true,"href":"https:\/\/www.europesays.com\/it\/wp-json\/wp\/v2\/media\/418748"}],"wp:attachment":[{"href":"https:\/\/www.europesays.com\/it\/wp-json\/wp\/v2\/media?parent=418747"}],"wp:term":[{"taxonomy":"category","embeddable":true,"href":"https:\/\/www.europesays.com\/it\/wp-json\/wp\/v2\/categories?post=418747"},{"taxonomy":"post_tag","embeddable":true,"href":"https:\/\/www.europesays.com\/it\/wp-json\/wp\/v2\/tags?post=418747"}],"curies":[{"name":"wp","href":"https:\/\/api.w.org\/{rel}","templated":true}]}}