{"id":419044,"date":"2026-03-30T00:49:20","date_gmt":"2026-03-30T00:49:20","guid":{"rendered":"https:\/\/www.europesays.com\/it\/419044\/"},"modified":"2026-03-30T00:49:20","modified_gmt":"2026-03-30T00:49:20","slug":"terence-hill-compie-87-anni-tornera-in-don-matteo-16","status":"publish","type":"post","link":"https:\/\/www.europesays.com\/it\/419044\/","title":{"rendered":"Terence Hill compie 87 anni, torner\u00e0 in Don Matteo 16?"},"content":{"rendered":"<p>Firenze, 29 marzo 2026 &#8211; Pugilato, ginnastica artistica e la Roma sono le sue passioni. Registrato all&#8217;anagrafe come Mario Girotti, <strong>Terence Hill \u00e8 nato il 29 marzo <\/strong>casualmente a Venezia nel 1939 da padre chimico (originario di Amelia dove il piccolo Mario trascorse gli ultimi giorni della guerra mondiale) e da madre tedesca. Terence Hill, l&#8217;uomo dagli occhi di ghiaccio e dal fisico che sembra non invecchiare mai, <strong>spegne oggi 87 candeline<\/strong>.<\/p>\n<p>Il suo legame con l\u2019Umbria <\/p>\n<p>Terence Hill ha una casa in <strong>Umbria<\/strong>, tra le colline. Ha definito <strong>Amelia<\/strong>, dove ha frequentato le elementari, il suo \u201c<strong>luogo del cuore\u201d<\/strong>, ed \u00e8 qui che ha scelto di prendere casa. Don Matteo gli ha cambiato la vita fino a farlo trasferire definitivamente dagli Stati Uniti insieme alla moglie, a <strong>Gubbio e poi a Spoleto<\/strong>, luoghi in cui ha girato la serie.<\/p>\n<p>Gli esordi <\/p>\n<p>Per mantenersi agli studi (liceo e poi Lettere all&#8217;universit\u00e0 di Roma) e poter correre in moto, <strong>accett\u00f2 di recitare<\/strong> nonostante una iniziale <strong>ritrosia per la sua timidezza. Dino Risi <\/strong>lo aveva notato, ad appena 12 anni durante una gara di nuoto, e lo aveva fatto debuttare in Vacanze con gangster. Tantissimi i suoi personaggi: da quando inizi\u00f2 a recitare in una serie di fortunati spaghetti western alla fine degli anni &#8217;60, fino al rinnovato successo nei panni di Don Matteo, non ha mai smesso di essere una figura centrale nell&#8217;immaginario collettivo italiano, un&#8217;icona della cultura popolare. Non solo in Italia: anche nel resto d&#8217;Europa, anche in Germania dove i film realizzati in coppia con <strong>Bud Spencer <\/strong>sono celeberrimi.<\/p>\n<p>Un possibile \u2018ritorno\u2019 in Don Matteo 16 <\/p>\n<p>La fiction di Rai1 Don Matteo targata Lux Video \u00e8 sempre stata un successo di ascolti si aspetta la messa in onda della 16esima edizione. Ancora incerto il destino e gli sviluppi narrativi della serie, ma il supervisore alla sceneggiatura Mario Ruggeri, intervistato da Fanpage.it, ha rivelato qualcosa. E anche se la sedicesima stagione aspetta ancora la conferma ufficiale da parte della Rai, che se arrivasse porterebbe gli sceneggiatori a iniziare a scrivere le nuove puntate fra sei-sette mesi, la sensazione \u00e8 che una fiction cos\u00ec amata sar\u00e0 messa in calendario, per una possibile messa in onda della <strong>nuova edizione nel 2028.<\/strong> Le <strong>novit\u00e0<\/strong> non mancheranno, come ad ogni edizione. Ma per i fan di Terence Hill, non \u00e8 esclusa <strong>l\u2019ipotesi di rivedere l\u2019attore nei panni di Don Matteo<\/strong>. Un suo ritorno nella serie, per un <strong>cameo, una puntata speciale <\/strong>o per qualcosa di pi\u00f9 strutturato, infatti non \u00e8 stato escluso da Ruggeri, che ha confermato esistono alcune idee sul tavolo, fermo restando questioni produttive e logistiche e ovviamente una possibile disponibilit\u00e0 dell\u2019attore. Un\u2019ipotesi che per\u00f2, ad oggi, resta sul tavolo e che entusiasmerebbe il pubblico storico della serie.<\/p>\n","protected":false},"excerpt":{"rendered":"Firenze, 29 marzo 2026 &#8211; Pugilato, ginnastica artistica e la Roma sono le sue passioni. Registrato all&#8217;anagrafe come&hellip;\n","protected":false},"author":3,"featured_media":419045,"comment_status":"","ping_status":"","sticky":false,"template":"","format":"standard","meta":{"footnotes":"","_share_on_mastodon":"0"},"categories":[174],"tags":[5337,8784,203,25090,204,1537,90,89,114,29512,29376],"class_list":["post-419044","post","type-post","status-publish","format-standard","has-post-thumbnail","category-intrattenimento","tag-compie","tag-don","tag-entertainment","tag-hill","tag-intrattenimento","tag-it","tag-italia","tag-italy","tag-matteo","tag-terence","tag-tornera"],"share_on_mastodon":{"url":"https:\/\/pubeurope.com\/@it\/116315381328400043","error":""},"_links":{"self":[{"href":"https:\/\/www.europesays.com\/it\/wp-json\/wp\/v2\/posts\/419044","targetHints":{"allow":["GET"]}}],"collection":[{"href":"https:\/\/www.europesays.com\/it\/wp-json\/wp\/v2\/posts"}],"about":[{"href":"https:\/\/www.europesays.com\/it\/wp-json\/wp\/v2\/types\/post"}],"author":[{"embeddable":true,"href":"https:\/\/www.europesays.com\/it\/wp-json\/wp\/v2\/users\/3"}],"replies":[{"embeddable":true,"href":"https:\/\/www.europesays.com\/it\/wp-json\/wp\/v2\/comments?post=419044"}],"version-history":[{"count":0,"href":"https:\/\/www.europesays.com\/it\/wp-json\/wp\/v2\/posts\/419044\/revisions"}],"wp:featuredmedia":[{"embeddable":true,"href":"https:\/\/www.europesays.com\/it\/wp-json\/wp\/v2\/media\/419045"}],"wp:attachment":[{"href":"https:\/\/www.europesays.com\/it\/wp-json\/wp\/v2\/media?parent=419044"}],"wp:term":[{"taxonomy":"category","embeddable":true,"href":"https:\/\/www.europesays.com\/it\/wp-json\/wp\/v2\/categories?post=419044"},{"taxonomy":"post_tag","embeddable":true,"href":"https:\/\/www.europesays.com\/it\/wp-json\/wp\/v2\/tags?post=419044"}],"curies":[{"name":"wp","href":"https:\/\/api.w.org\/{rel}","templated":true}]}}