{"id":419081,"date":"2026-03-30T01:20:14","date_gmt":"2026-03-30T01:20:14","guid":{"rendered":"https:\/\/www.europesays.com\/it\/419081\/"},"modified":"2026-03-30T01:20:14","modified_gmt":"2026-03-30T01:20:14","slug":"sanita-campania-fuori-dal-piano-di-rientro-roberto-fico-ora-ripartiamo","status":"publish","type":"post","link":"https:\/\/www.europesays.com\/it\/419081\/","title":{"rendered":"Sanit\u00e0, Campania fuori dal piano di rientro. Roberto Fico: \u00abOra ripartiamo\u00bb"},"content":{"rendered":"<p>Dopo quasi vent\u2019anni, 19 per la precisione,<strong> si esce dal piano di rientro dal debito della sanit\u00e0<\/strong>. Si ritorna, quindi, nella gestione ordinaria. Un percorso lungo, complicato, caratterizzato dall\u2019inizio (era Antonio Bassolino governatore) non solo dalle ristrettezze delle risorse per la sanit\u00e0 ma anche dai veleni degli ultimi mesi caratterizzati da ricorsi e carte bollate tra la Regione guidata da De Luca e il ministero. Poi due sere fa l\u2019ufficialit\u00e0 da Roma che la Campania rientra nella gestione ordinaria. Il via libera arriva dal ministero della Salute, retto da Orazio Schillaci, con cui il governatore Fico, sin dall\u2019elezione, ha intessuto un rapporto di collaborazione istituzionale proprio per uscire dall\u2019impasse.<\/p>\n<p><p>APPROFONDIMENTI<\/p>\n<\/p>\n<p>\u00abQuesto significa poter <strong>programmare investimenti, assumere personale, ammodernare strutture e tecnologie<\/strong>, rafforzare nel suo complesso il sistema sanitario &#8211; sottolinea l\u2019ex presidente della Camera &#8211; \u00e8 un risultato straordinario che \u00e8 stato possibile raggiungere grazie al lavoro puntuale e intensivo svolto dalla direzione generale della Tutela della Salute\u00bb. E aggiunge: \u00abUn ultimo, decisivo passo necessario al conseguimento dell\u2019obiettivi fissati dalla programmazione sanitaria nazionale, in prosecuzione del lungo lavoro portato avanti dall&#8217;amministrazione precedente\u00bb.<\/p>\n<p><a class=\"link_item\" data-linked_from=\"9442528\" href=\"https:\/\/www.ilmattino.it\/napoli\/politica\/sanita_vincenzo_de_luca_campania_esce_piano_rientro_ministero_adeguato_tar-9442198.html\" rel=\"nofollow noopener\" target=\"_blank\">Sanit\u00e0, Vincenzo De Luca: \u00abCampania esce da piano di rientro? Ministero si \u00e8 adeguato al Tar\u00bb<\/a><\/p>\n<p>Il dibattito <\/p>\n<p>Ma la notizia riaccende gli strascichi dello scontro politico che ha caratterizzato la campagna per le regionali, all\u2019interno del campo largo, ma anche tra il centrodestra e Vincenzo De Luca. Con quest\u2019ultimo che, subito dopo l\u2019annuncio di Fico, verga un post. Eccolo: \u00abSi \u00e8 finalmente preso atto della realt\u00e0, <strong>superando vergognose discriminazioni politiche <\/strong>indegne di un paese civile, sarebbe stato doveroso prendere questa decisione gi\u00e0 da mesi. Per questo motivo abbiamo dovuto fare ricorso al Tar della Campania perch\u00e9 fosse rispettata la legge dello Stato e rispettato il diritto della Campania di uscire dal piano di rientro. Soltanto dopo il riconoscimento del Tar si sono decisi ad adottare comportamenti civili\u00bb. E cos\u00ec in scia il figlio Piero, deputato e segretario regionale del Pd, che evidenzia \u00abl\u2019efficacia del lavoro serio e rigoroso messo in campo negli anni passati dall\u2019amministrazione regionale campana, sotto la guida del presidente Vincenzo De Luca\u00bb.<\/p>\n<p>Il vicegovernatore Mario Casillo sottolinea invece sia il lavoro degli ultimi dieci anni in Regione ma soprattutto \u00ab<strong>l\u2019interlocuzione di Fico che ha permesso di superare il contenzioso<\/strong> e di chiudere finalmente questa pagina\u00bb. Per il presidente del Consiglio regionale, il dem Massimiliano Manfredi, si \u00e8 raggiunto l\u2019obiettivo \u00abmettendo da parte i contenziosi nelle aule di tribunale e restituendo la parola alla politica. La decisione del ministero \u00e8 una vittoria per i cittadini campani e per la Regione e dimostra che la via della collaborazione istituzionale, fortemente voluta da Fico e da tutta la maggioranza, porta frutti concreti, anche in tempi rapidi\u00bb.<strong> Entusiasti ovviamente i grillini<\/strong>. \u00abI pi\u00f9 sinceri complimenti al presidente Fico, che in pochi mesi ha guidato questo percorso con determinazione e visione, portando a compimento il lavoro avviato in questi anni\u00bb, dice la senatrice M5s Mariolina Castellone.<\/p>\n<p><a class=\"link_item\" data-linked_from=\"9442528\" href=\"https:\/\/www.ilmattino.it\/napoli\/politica\/famiglia_bosco_de_luca_carcere_cosa_ha_detto-9442028.html\" rel=\"nofollow noopener\" target=\"_blank\">Vincenzo De Luca: \u00abDarei tre anni di carcere ai genitori del bosco: questi sciagurati non hanno vaccinato i figli e non li mandavano a scuola\u00bb<\/a><\/p>\n<p>\u00abAl presidente Fico e alla giunta regionale va riconosciuto il merito di aver portato a compimento in tempi rapidi un percorso complesso, dimostrando che quando le istituzioni lavorano con seriet\u00e0 e competenza i risultati arrivano. Esprimo apprezzamento anche per la collaborazione del ministro Schillaci, che ha saputo cogliere lo spirito di leale cooperazione istituzionale necessario a chiudere questo capitolo\u00bb, aggiunge il vicepresidente della Camera, il grillino Sergio Costa. <strong>Ma il ruolo della collaborazione istituzionale viene riconosciuto anche dal centrodestra<\/strong>. \u00abVa dato atto al cambio di passo del governatore Fico ed al lavoro costante del ministro Schillaci che hanno portato all\u2019uscita della Campania dal piano di rientro Sanitario\u00bb, riconosce Antonio Iannone, senatore e commissario campano di Fdi.<\/p>\n<p>\u00abEsprimiamo apprezzamento per il senso di responsabilit\u00e0 del presidente Fico e per la grande attenzione e l\u2019incessante lavoro che il ministro Schillaci ha dedicato a questa vicenda\u00bb, aggiunge Michele Schiano Di Visconti, deputato di Fdi. Poi ieri \u00e8 direttamente Fico a chiarire meglio il lavoro fatto, riconoscendo quello del suo predecessore. Ma anche il suo. \u00abSiamo potuti uscire perch\u00e9 la giunta precedente ha fatto un lavoro ma &#8211; evidenzia ieri mattina a margine di un\u2019iniziativa del suo partito a Pozzuoli &#8211; come spesso succede l&#8217;ultimo metro \u00e8 il pi\u00f9 difficile. Ci si poteva impantanare, perch\u00e9 <strong>niente era scontato<\/strong>\u00bb.<\/p>\n<p><a class=\"link_item\" data-linked_from=\"9442528\" href=\"https:\/\/www.ilmattino.it\/economia\/news\/pensioni_ape_sociale_e_precoci_ecco_come_centrare_prima_finestra_tutte_scadenze-9442438.html\" rel=\"nofollow noopener\" target=\"_blank\">Pensioni, Ape sociale e &#8220;precoci&#8221;: ecco come centrare la prima finestra. Tutte le scadenze per la domanda<\/a><\/p>\n<p>In mezzo ricorda il contenzioso con il ricorso vinto dalla Regione al Tar e quello successivo del ministero al Consiglio di Stato. \u00abDal 9 dicembre, quando mi sono insediato, il primo appuntamento l\u2019ho avuto col ministro Schillaci a Roma. Lo ringrazio &#8211; aggiunge &#8211; per la collaborazione e la lealt\u00e0 istituzionale rispetto al percorso che ci ha portato all\u2019uscita dal piano. Abbiamo lavorato molto, a livello politico e tecnico. Ora la programmazione\u00bb.<\/p>\n","protected":false},"excerpt":{"rendered":"Dopo quasi vent\u2019anni, 19 per la precisione, si esce dal piano di rientro dal debito della sanit\u00e0. Si&hellip;\n","protected":false},"author":3,"featured_media":419082,"comment_status":"","ping_status":"","sticky":false,"template":"","format":"standard","meta":{"footnotes":"","_share_on_mastodon":"0"},"categories":[79],"tags":[8818,14,93,94,1537,90,89,7,15,7870,21280,11,84,91,12,85,92],"class_list":["post-419081","post","type-post","status-publish","format-standard","has-post-thumbnail","category-italia","tag-campania","tag-cronaca","tag-cronaca-italiana","tag-cronacaitaliana","tag-it","tag-italia","tag-italy","tag-news","tag-notizie","tag-roberto-fico","tag-sanit","tag-ultime-notizie","tag-ultime-notizie-e-news-di-oggi","tag-ultime-notizie-italia","tag-ultimenotizie","tag-ultimenotizieenewsdioggi","tag-ultimenotizieitalia"],"share_on_mastodon":{"url":"https:\/\/pubeurope.com\/@it\/116315503135539821","error":""},"_links":{"self":[{"href":"https:\/\/www.europesays.com\/it\/wp-json\/wp\/v2\/posts\/419081","targetHints":{"allow":["GET"]}}],"collection":[{"href":"https:\/\/www.europesays.com\/it\/wp-json\/wp\/v2\/posts"}],"about":[{"href":"https:\/\/www.europesays.com\/it\/wp-json\/wp\/v2\/types\/post"}],"author":[{"embeddable":true,"href":"https:\/\/www.europesays.com\/it\/wp-json\/wp\/v2\/users\/3"}],"replies":[{"embeddable":true,"href":"https:\/\/www.europesays.com\/it\/wp-json\/wp\/v2\/comments?post=419081"}],"version-history":[{"count":0,"href":"https:\/\/www.europesays.com\/it\/wp-json\/wp\/v2\/posts\/419081\/revisions"}],"wp:featuredmedia":[{"embeddable":true,"href":"https:\/\/www.europesays.com\/it\/wp-json\/wp\/v2\/media\/419082"}],"wp:attachment":[{"href":"https:\/\/www.europesays.com\/it\/wp-json\/wp\/v2\/media?parent=419081"}],"wp:term":[{"taxonomy":"category","embeddable":true,"href":"https:\/\/www.europesays.com\/it\/wp-json\/wp\/v2\/categories?post=419081"},{"taxonomy":"post_tag","embeddable":true,"href":"https:\/\/www.europesays.com\/it\/wp-json\/wp\/v2\/tags?post=419081"}],"curies":[{"name":"wp","href":"https:\/\/api.w.org\/{rel}","templated":true}]}}