{"id":419359,"date":"2026-03-30T06:18:12","date_gmt":"2026-03-30T06:18:12","guid":{"rendered":"https:\/\/www.europesays.com\/it\/419359\/"},"modified":"2026-03-30T06:18:12","modified_gmt":"2026-03-30T06:18:12","slug":"sanita-subito-assunzioni-e-piano-per-le-liste-dattesa-lassessore-non-adesso","status":"publish","type":"post","link":"https:\/\/www.europesays.com\/it\/419359\/","title":{"rendered":"\u00abSanit\u00e0, subito assunzioni e piano per le liste d\u2019attesa. L\u2019assessore? Non adesso\u00bb"},"content":{"rendered":"<p><strong>Governatore Roberto Fico l\u2019uscita dal commissariamento dopo 19 anni \u00e8 un suo successo personale: il suo primo atto da governatore, lo ricordiamo bene, \u00e8 stato l&#8217;incontro a Roma con il ministro Schillaci.<\/strong><\/p>\n<p>\u00abL\u2019uscita dal piano di rientro \u00e8 un risultato storico per la Campania. Negli ultimi mesi abbiamo portato avanti un lavoro politico e istituzionale decisivo per arrivare a questo traguardo, raggiunto grazie agli sforzi di tutto il sistema sanitario, di medici e operatori sanitari, grazie al rigore dei conti ed all\u2019impegno negli anni della giunta precedente. Voglio ringraziare il ministro Schillaci per la disponibilit\u00e0, l\u2019attenzione e la collaborazione istituzionale concreta e ribadire che non si tratta di un successo personale ma di un risultato collettivo figlio di un lavoro sinergico che restituisce autonomia alla sanit\u00e0 campana e ci consente di aprire una nuova fase, fatta di programmazione e investimenti per migliorare i servizi ai cittadini\u00bb. <\/p>\n<p><p>APPROFONDIMENTI<\/p>\n<\/p>\n<p><strong>Ora con il rientro dei poteri ordinari concretamente cosa cambia per gli utenti campani? Pi\u00f9 risorse? Come si usano?<\/strong> <\/p>\n<p>\u00abUscire dal piano di rientro significa non essere pi\u00f9 vincolati a una gestione emergenziale e poter programmare con maggiore libert\u00e0. Non \u00e8 solo una questione di risorse aggiuntive, ma un reale cambio di prospettiva per poter affrontare la gestione e la programmazione della sanit\u00e0 con maggiori capacit\u00e0 di investimento, maggiore autonomia organizzativa e possibilit\u00e0 di rafforzare la rete territoriale. Un lavoro che si deve tradurre in servizi pi\u00f9 accessibili e tempi pi\u00f9 rapidi per i cittadini campani\u00bb. <\/p>\n<p><a class=\"link_item\" data-linked_from=\"9444224\" href=\"https:\/\/www.ilmattino.it\/napoli\/politica\/liste_di_attesa_piu_veloci_assunzioni_e_nuovi_reparti_ecco_le_sfide_dell_assistenza-9442530.html\" rel=\"nofollow noopener\" target=\"_blank\">Liste di attesa pi\u00f9 veloci, assunzioni e nuovi reparti: ecco le sfide dell\u2019assistenza<\/a><\/p>\n<p><strong>I nodi da sciogliere sono poco i numeri ristretti del personale medico e le liste d\u2019attesa: come muoversi su questi due aspetti?<\/strong><\/p>\n<p>\u00abSono sicuramente le due priorit\u00e0 su cui intervenire subito. L\u2019uscita dal piano di rientro ci consente finalmente margini pi\u00f9 ampi e questo deve tradursi sia in un rafforzamento del personale che in una riduzione concreta delle liste d\u2019attesa. Dobbiamo accelerare sulle assunzioni, stabilizzare chi da anni lavora in condizioni precarie e rendere il sistema sanitario campano pi\u00f9 attrattivo, perch\u00e9 senza un numero sufficiente di medici e operatori non si possono garantire servizi adeguati. Allo stesso tempo \u00e8 necessario aumentare l\u2019offerta nel pubblico, utilizzare in modo appropriato il privato accreditato e rafforzare i sistemi di monitoraggio, cos\u00ec da assicurare trasparenza e tempi certi ai cittadini. Questo lavoro si inserisce in una visione pi\u00f9 ampia: aggiornare il piano ospedaliero regionale e rafforzare la rete dell\u2019emergenza-urgenza, a partire dai pronto soccorso. L\u2019obiettivo deve essere ridurre i tempi di attesa e garantire risposte rapide ed efficaci, costruendo una sanit\u00e0 pi\u00f9 vicina alle persone\u00bb. <\/p>\n<p><strong>E poi ci sono gli ospedali di comunit\u00e0, a cui lei tiene molto, che ora stanno finalmente prendendo forma.<\/strong> <\/p>\n<p>\u00abGli ospedali di comunit\u00e0 sono strutture fondamentali per intercettare i bisogni dei cittadini prima che si trasformino in emergenze ospedaliere. Oggi, anche grazie alle risorse del Pnrr, stanno finalmente entrando nella fase operativa. Ma la sfida non \u00e8 solo aprirli, ma farli funzionare davvero, con personale adeguato e una piena integrazione con i medici di base e con i servizi sociali. Su questo stiamo lavorando e, gi\u00e0 nei prossimi giorni, porteremo in giunta nuovi provvedimenti per accelerare il percorso e rendere questa rete pienamente operativa\u00bb. <\/p>\n<p><strong>A questo punto \u00e8 in previsione, nei prossimi mesi, la nomina di un assessore ad hoc?<\/strong><\/p>\n<p>\u00abIn questo momento la priorit\u00e0 \u00e8 far funzionare al meglio il sistema sanitario e dare risposte concrete ai cittadini. Siamo all\u2019inizio di una nuova fase e c\u2019\u00e8 bisogno di impostare un lavoro immediato e strutturale, che richiede una guida diretta e una piena assunzione di responsabilit\u00e0. Per questo, in questa fase, ritengo giusto mantenere la delega. Pi\u00f9 avanti, quando avremo consolidato le priorit\u00e0 e avviato le azioni principali, valuteremo anche l\u2019eventuale nomina di un assessore dedicato\u00bb. <\/p>\n<p><a class=\"link_item\" data-linked_from=\"9444224\" href=\"https:\/\/www.ilmattino.it\/napoli\/politica\/via_libera_del_consiglio_regionale_della_campania_alla_legge_di_stabilita-9440140.html\" rel=\"nofollow noopener\" target=\"_blank\">Via libera del Consiglio regionale della Campania alla legge di stabilit\u00e0<\/a><\/p>\n<p><strong>Lei ha detto che \u00e8 anche merito del suo predecessore: serviva per\u00f2 il dialogo da lei avviato anzich\u00e9 lo scontro dei mesi precedenti per uscire dall\u2019impasse.<\/strong><\/p>\n<p>\u00abSenza il lavoro portato avanti negli anni dalla giunta precedente oggi non saremmo nelle condizioni di uscire dal piano di rientro, ed \u00e8 giusto riconoscerlo. Allo stesso tempo, negli ultimi mesi si erano create alcune criticit\u00e0 che rischiavano di rallentare il percorso. Il lavoro svolto dagli uffici della Regione e dal Gabinetto che ringrazio \u00e8 stato determinante per superarle e riportare il confronto con il Ministero su un piano istituzionale e costruttivo. Questo ha consentito di sbloccare una fase complessa e di arrivare a una soluzione positiva creando le condizioni per chiudere definitivamente il percorso\u00bb.<\/p>\n","protected":false},"excerpt":{"rendered":"Governatore Roberto Fico l\u2019uscita dal commissariamento dopo 19 anni \u00e8 un suo successo personale: il suo primo atto&hellip;\n","protected":false},"author":3,"featured_media":419360,"comment_status":"","ping_status":"","sticky":false,"template":"","format":"standard","meta":{"footnotes":"","_share_on_mastodon":"0"},"categories":[79],"tags":[14,93,94,1537,90,89,7,15,28524,7870,240,21280,11,84,91,12,85,92],"class_list":["post-419359","post","type-post","status-publish","format-standard","has-post-thumbnail","category-italia","tag-cronaca","tag-cronaca-italiana","tag-cronacaitaliana","tag-it","tag-italia","tag-italy","tag-news","tag-notizie","tag-piano-di-rientro","tag-roberto-fico","tag-salute","tag-sanit","tag-ultime-notizie","tag-ultime-notizie-e-news-di-oggi","tag-ultime-notizie-italia","tag-ultimenotizie","tag-ultimenotizieenewsdioggi","tag-ultimenotizieitalia"],"share_on_mastodon":{"url":"https:\/\/pubeurope.com\/@it\/116316674727426646","error":""},"_links":{"self":[{"href":"https:\/\/www.europesays.com\/it\/wp-json\/wp\/v2\/posts\/419359","targetHints":{"allow":["GET"]}}],"collection":[{"href":"https:\/\/www.europesays.com\/it\/wp-json\/wp\/v2\/posts"}],"about":[{"href":"https:\/\/www.europesays.com\/it\/wp-json\/wp\/v2\/types\/post"}],"author":[{"embeddable":true,"href":"https:\/\/www.europesays.com\/it\/wp-json\/wp\/v2\/users\/3"}],"replies":[{"embeddable":true,"href":"https:\/\/www.europesays.com\/it\/wp-json\/wp\/v2\/comments?post=419359"}],"version-history":[{"count":0,"href":"https:\/\/www.europesays.com\/it\/wp-json\/wp\/v2\/posts\/419359\/revisions"}],"wp:featuredmedia":[{"embeddable":true,"href":"https:\/\/www.europesays.com\/it\/wp-json\/wp\/v2\/media\/419360"}],"wp:attachment":[{"href":"https:\/\/www.europesays.com\/it\/wp-json\/wp\/v2\/media?parent=419359"}],"wp:term":[{"taxonomy":"category","embeddable":true,"href":"https:\/\/www.europesays.com\/it\/wp-json\/wp\/v2\/categories?post=419359"},{"taxonomy":"post_tag","embeddable":true,"href":"https:\/\/www.europesays.com\/it\/wp-json\/wp\/v2\/tags?post=419359"}],"curies":[{"name":"wp","href":"https:\/\/api.w.org\/{rel}","templated":true}]}}