{"id":419542,"date":"2026-03-30T09:20:13","date_gmt":"2026-03-30T09:20:13","guid":{"rendered":"https:\/\/www.europesays.com\/it\/419542\/"},"modified":"2026-03-30T09:20:13","modified_gmt":"2026-03-30T09:20:13","slug":"la-storia-dellex-ispettore-della-dia-pippo-giordano-diventa-un-docufilm","status":"publish","type":"post","link":"https:\/\/www.europesays.com\/it\/419542\/","title":{"rendered":"la storia dell&#8217;ex ispettore della Dia Pippo Giordano diventa un docufilm"},"content":{"rendered":"<p>Inizieranno gioved\u00ec prossimo a Forl\u00ec le riprese del docufilm \u201cNon mi arrendo! La mafia non \u00e8 un film\u201d, diretto dal regista forlivese Ettore Zito. Un\u2019opera intensa e autobiografica che racconta la vita e le scelte di Pippo Giordano, ex poliziotto 82enne ed ex ispettore della Direzione Investigativa Antimafia, protagonista per anni della stagione pi\u00f9 dura della lotta a Cosa nostra.<\/p>\n<p><a href=\"https:\/\/www.forlitoday.it\/signup\/premium-products\/?source=subscribe\" target=\"_blank\" rel=\"nofollow noopener\"><strong>Abbonati alla sezione di inchieste Dossier di Forl\u00ecToday<\/strong><\/a><\/p>\n<p>Il documentario ripercorre l\u2019infanzia e la crescita di Giordano nella Palermo segnata dalla presenza del gotha mafioso, poi sopraffatto dall\u2019ascesa dei corleonesi guidati da Tot\u00f2 Riina. Un contesto difficile, nel quale per\u00f2 matur\u00f2 una scelta controcorrente. \u201cIl film lumegger\u00e0 la mia crescita giovanile a Palermo, accanto al gotha mafioso poi sopraffatto dai corleonesi di Tot\u00f2 Riina &#8211; racconta Giordano -. Evidenzier\u00f2 la mia ritrosia da ragazzo nei confronti degli uomini di Cosa nostra, che mi imped\u00ec di saltare il fosso e farne parte. Invero, decisi di scegliere la via della legalit\u00e0 entrare in Polizia: legalit\u00e0 che negli anni avvenire divenne un chiodo fisso, tant&#8217;\u00e8 che riposta la divisa nell&#8217;armadio, faccio l&#8217;agricoltore seminando il seme della legalit\u00e0 nel verde prato della migliore giovent\u00f9\u201d.<\/p>\n<p><a href=\"https:\/\/whatsapp.com\/channel\/0029VaJxQeX2f3ES4TmmQI08\" rel=\"nofollow noopener\" target=\"_blank\"><strong>Leggi le notizie di Forl\u00ecToday su WhatsApp: iscriviti al canale<\/strong><\/a><\/p>\n<p>Ma come \u00e8 nato il film? \u201cIl regista Ettore Zito, dopo avermi ascoltato in un paio di eventi pubblici, e apprendendo i dettagli della mia pregressa attivit\u00e0 investigativa, compiuta anche in Usa, mi ha proposto la realizzazione del docufilm &#8211; racconta l&#8217;ex poliziotto -. Nell&#8217;opera cinematografica, evidenzier\u00f2 il lavoro che svolsi accanto a due grandi magistrati, Falcone e Borsellino e ai miei colleghi, carabinieri, magistrati, onesti cittadini e bambini uccisi dalla violenza mafiosa\u201d.<\/p>\n<p>Giordano tiene a puntualizzare un concetto: \u201cGiova dire che l&#8217;intento di Zito \u00e8 produrre un documentario pensato agli studenti. Infatti, una parte sar\u00e0 anche dedicata \u2013 come noto \u2013 ai miei 18 anni di incontri nelle scuole e che prosegue anche nei prossimi mesi, tra Forl\u00ec, Modena e Rimini. E quindi, il 2 aprile inizio questa nuova avventura, sperando che possa illuminare il cammino dei giovani, per farli diventare cittadini responsabili\u201d.<\/p>\n","protected":false},"excerpt":{"rendered":"Inizieranno gioved\u00ec prossimo a Forl\u00ec le riprese del docufilm \u201cNon mi arrendo! La mafia non \u00e8 un film\u201d,&hellip;\n","protected":false},"author":3,"featured_media":419543,"comment_status":"","ping_status":"","sticky":false,"template":"","format":"standard","meta":{"footnotes":"","_share_on_mastodon":"0"},"categories":[1442],"tags":[107421,203,454,204,1537,90,89,7811,1521,21305],"class_list":["post-419542","post","type-post","status-publish","format-standard","has-post-thumbnail","category-film","tag-antimafia","tag-entertainment","tag-film","tag-intrattenimento","tag-it","tag-italia","tag-italy","tag-legalita","tag-movies","tag-persone"],"share_on_mastodon":{"url":"https:\/\/pubeurope.com\/@it\/116317390622179977","error":""},"_links":{"self":[{"href":"https:\/\/www.europesays.com\/it\/wp-json\/wp\/v2\/posts\/419542","targetHints":{"allow":["GET"]}}],"collection":[{"href":"https:\/\/www.europesays.com\/it\/wp-json\/wp\/v2\/posts"}],"about":[{"href":"https:\/\/www.europesays.com\/it\/wp-json\/wp\/v2\/types\/post"}],"author":[{"embeddable":true,"href":"https:\/\/www.europesays.com\/it\/wp-json\/wp\/v2\/users\/3"}],"replies":[{"embeddable":true,"href":"https:\/\/www.europesays.com\/it\/wp-json\/wp\/v2\/comments?post=419542"}],"version-history":[{"count":0,"href":"https:\/\/www.europesays.com\/it\/wp-json\/wp\/v2\/posts\/419542\/revisions"}],"wp:featuredmedia":[{"embeddable":true,"href":"https:\/\/www.europesays.com\/it\/wp-json\/wp\/v2\/media\/419543"}],"wp:attachment":[{"href":"https:\/\/www.europesays.com\/it\/wp-json\/wp\/v2\/media?parent=419542"}],"wp:term":[{"taxonomy":"category","embeddable":true,"href":"https:\/\/www.europesays.com\/it\/wp-json\/wp\/v2\/categories?post=419542"},{"taxonomy":"post_tag","embeddable":true,"href":"https:\/\/www.europesays.com\/it\/wp-json\/wp\/v2\/tags?post=419542"}],"curies":[{"name":"wp","href":"https:\/\/api.w.org\/{rel}","templated":true}]}}