{"id":419656,"date":"2026-03-30T11:03:11","date_gmt":"2026-03-30T11:03:11","guid":{"rendered":"https:\/\/www.europesays.com\/it\/419656\/"},"modified":"2026-03-30T11:03:11","modified_gmt":"2026-03-30T11:03:11","slug":"lultima-cena-non-so-come-faremo-le-lamentele-della-pellegrini-e-lodio-social-se-non-vuoi-figli-non-farli","status":"publish","type":"post","link":"https:\/\/www.europesays.com\/it\/419656\/","title":{"rendered":"L&#8217;ultima cena&#8221;, &#8220;Non so come faremo&#8221;, le lamentele della Pellegrini e l&#8217;odio social: &#8220;Se non vuoi figli non farli"},"content":{"rendered":"<p align=\"left\">Bufera social contro <strong>Federica Pellegrini<\/strong>, finita al centro delle polemiche dopo uno dei suoi ultimi post pubblicato su Instagram. Condividendo alcuni scatti insieme al marito Matteo Giunta, l&#8217;ex nuotatrice ha affrontato l&#8217;argomento maternit\u00e0, suscitando un certo fastidio in alcuni utenti.<\/p>\n<p align=\"left\">Negli scatti postati su Instagram, la Pellegrini appare in compagnia del compagno. I due appaiono felici e in perfetta sintonia dopo aver cenato fuori. Tuttavia, le considerazioni lasciate dalla sportiva per accompagnare gli scatti non sono piaciute, dato che molti le hanno percepite come vere e proprie <strong>lamentele<\/strong>. &#8220;Il pensiero \u00e8 sempre stato quello\u2026. Non so come faremo ma il modo lo troviamo&#8221;, scrive la Pellegrini. &#8220;Scrivere &#8216;l&#8217;ultima cena&#8217; fa brutto ma noi sappiamo che per qualche mese sar\u00e0 esattamente cos\u00ec&#8221;.<\/p>\n<blockquote class=\"instagram-media\" data-instgrm-captioned=\"\" data-instgrm-permalink=\"https:\/\/www.instagram.com\/p\/DWdsmbKgCre\/?utm_source=ig_embed&amp;utm_campaign=loading\" data-instgrm-version=\"14\"\/>\n<p align=\"left\">Chiaramente l&#8217;ex nuotatrice si riferisce al fatto che presto, oltre alla piccola Matilde (prima figlia della coppia), ci sar\u00e0 un&#8217;altra <strong>bambina<\/strong>. Il parto \u00e8 ormai vicino, dato che \u00e8 previsto in aprile. La Pellegrini ha scherzato su quelli che saranno i futuri impegni per lei e il marito, genitori bis, che dovranno prendersi cura di una bimba ancora piccola e di una neonata.<\/p>\n<p align=\"left\">Alcuni utenti di Instagram, per\u00f2, non l&#8217;hanno presa bene.<\/p>\n<p align=\"left\">&#8220;Quante <strong>sceneggiate<\/strong>, abbiamo avuto tutti dei figli&#8221;, ha subito ribattuto qualcuno. E, ancora: &#8220;Se non volevano un altro figlio potevano assolutamente trovare il modo di non farlo&#8221;, &#8220;E si lamenta, fosse l&#8217;unica ad avere avuto dei figli, con l&#8217;aiuto che ha&#8221;, &#8220;Beata te, hai tutto&#8221;. Ma non finisce qui, perch\u00e9 i commenti negativi sono stati davvero tanti. &#8220;Chiss\u00e0 che partorisci e la finisci&#8230;. Che due p****&#8221;, ha aggiunto un utente. Tra i messaggi pi\u00f9 duri, spicca questo: &#8220;Ma quanto te la meni con sta <strong>gravidanza <\/strong>non voluta, e come faremo, e chiss\u00e0 che fatica due bambine piccole, e l&#8217;ultima cena d&#8217;amore, e stavamo attenti&#8230; Ma basta. Davvero, basta. Le tue figlie da grandi saranno contente di sapere che una ti ha stravolto durante il parto (capita a tante donne) e una non era voluta.\n<\/p>\n<p> Peccato perch\u00e9 sei una donna discretamente intelligente e non ci si aspettano uscite del genere da una persona che in apparenza ha il cervello. Siamo nel 2026, si superano i traumi post parto e se non si vuole una gravidanza i metodi ci sono. Ma basta, perch\u00e9 siamo tutte mamme e ce la facciamo tutte senza inutili scene&#8221;.<\/p>\n<p>\t\t<script async src=\"\/\/www.instagram.com\/embed.js\"><\/script><\/p>\n","protected":false},"excerpt":{"rendered":"Bufera social contro Federica Pellegrini, finita al centro delle polemiche dopo uno dei suoi ultimi post pubblicato su&hellip;\n","protected":false},"author":3,"featured_media":419657,"comment_status":"","ping_status":"","sticky":false,"template":"","format":"standard","meta":{"footnotes":"","_share_on_mastodon":"0"},"categories":[1451],"tags":[1621,1620,203,16127,204,1537,90,89,123376],"class_list":["post-419656","post","type-post","status-publish","format-standard","has-post-thumbnail","category-celebrita","tag-celebrita","tag-celebrities","tag-entertainment","tag-federica-pellegrini","tag-intrattenimento","tag-it","tag-italia","tag-italy","tag-matteo-giunta"],"share_on_mastodon":{"url":"https:\/\/pubeurope.com\/@it\/116317795897614842","error":""},"_links":{"self":[{"href":"https:\/\/www.europesays.com\/it\/wp-json\/wp\/v2\/posts\/419656","targetHints":{"allow":["GET"]}}],"collection":[{"href":"https:\/\/www.europesays.com\/it\/wp-json\/wp\/v2\/posts"}],"about":[{"href":"https:\/\/www.europesays.com\/it\/wp-json\/wp\/v2\/types\/post"}],"author":[{"embeddable":true,"href":"https:\/\/www.europesays.com\/it\/wp-json\/wp\/v2\/users\/3"}],"replies":[{"embeddable":true,"href":"https:\/\/www.europesays.com\/it\/wp-json\/wp\/v2\/comments?post=419656"}],"version-history":[{"count":0,"href":"https:\/\/www.europesays.com\/it\/wp-json\/wp\/v2\/posts\/419656\/revisions"}],"wp:featuredmedia":[{"embeddable":true,"href":"https:\/\/www.europesays.com\/it\/wp-json\/wp\/v2\/media\/419657"}],"wp:attachment":[{"href":"https:\/\/www.europesays.com\/it\/wp-json\/wp\/v2\/media?parent=419656"}],"wp:term":[{"taxonomy":"category","embeddable":true,"href":"https:\/\/www.europesays.com\/it\/wp-json\/wp\/v2\/categories?post=419656"},{"taxonomy":"post_tag","embeddable":true,"href":"https:\/\/www.europesays.com\/it\/wp-json\/wp\/v2\/tags?post=419656"}],"curies":[{"name":"wp","href":"https:\/\/api.w.org\/{rel}","templated":true}]}}