{"id":419782,"date":"2026-03-30T12:55:19","date_gmt":"2026-03-30T12:55:19","guid":{"rendered":"https:\/\/www.europesays.com\/it\/419782\/"},"modified":"2026-03-30T12:55:19","modified_gmt":"2026-03-30T12:55:19","slug":"mio-padre-ha-preso-male-la-scelta-di-cantare-voleva-diventassi-ufficiale-di-finanza-e-mi-disse-arrangiati-francesco-renga-si-racconta","status":"publish","type":"post","link":"https:\/\/www.europesays.com\/it\/419782\/","title":{"rendered":"\u00abMio padre ha preso male la scelta di cantare, voleva diventassi ufficiale di Finanza e mi disse Arrangiati\u00bb: Francesco Renga si racconta"},"content":{"rendered":"<p>\n                            Il punto serale sulle notizie del giorno<br \/>\n                            <b>Iscriviti<\/b> e ricevi le notizie via email\n                        <\/p>\n<p><a href=\"https:\/\/www.ilmessaggero.it\/t\/francesco-renga\" rel=\"nofollow noopener\" target=\"_blank\">Francesco Renga<\/a> ospite a \u2018<a href=\"https:\/\/www.ilmessaggero.it\/t\/da-noi-a-ruota-libera\" rel=\"nofollow noopener\" target=\"_blank\">Da noi a ruota libera<\/a>\u2019, il programma condotto da <a href=\"https:\/\/www.ilmessaggero.it\/t\/francesca-fialdini\" rel=\"nofollow noopener\" target=\"_blank\">Francesca Fialdini<\/a> su Rai1. Nel corso dell\u2019intervista, il cantante ha riflettuto sul significato sul brano portato in gara al festival di <a href=\"https:\/\/www.ilmessaggero.it\/t\/sanremo\" rel=\"nofollow noopener\" target=\"_blank\">Sanremo<\/a>: \u00abIl meglio di una persona va scoperto, ma soprattutto bisogna risolvere il peggio di s\u00e9\u00bb. E ha aggiunto: \u00abA 58 anni sono arrivato alla consapevolezza di non proiettare il peggio di noi stessi agli altri. La nostra generazione \u00e8 stata cresciuta con la responsabilit\u00e0 di essere i migliori, ma il rischio \u00e8 quello di crollare\u00bb.<\/p>\n<p>&#13;<br \/>\n    APPROFONDIMENTI&#13;<\/p>\n<p>&#13;<\/p>\n<p>                <a href=\"https:\/\/www.ilmessaggero.it\/persone\/paolo_conticini_orsacchiotto_moglie_da_noi_a_ruota_libera-9444034.html\" title=\"\u00abDormo con il mio orsacchiotto\u00bb. Paolo Conticini\" rel=\"nofollow noopener\" target=\"_blank\"><img loading=\"lazy\" decoding=\"async\" src=\"https:\/\/www.europesays.com\/it\/wp-content\/uploads\/2026\/03\/9444034_29182824_whatsapp_image_2026_03_29_at_17.49.09.jpg\" title=\"\u00abDormo con il mio orsacchiotto\u00bb. Paolo Conticini\" width=\"64\" height=\"64\" data-pagespeed-no-transform=\"\"\/><\/a>            <\/p>\n<p>    &#13;<\/p>\n<p>    &#13;<\/p>\n<p>I ricordi di famiglia <\/p>\n<p>Spazio anche ai ricordi familiari e al rapporto con il padre: \u00abMio padre era un sottoufficiale della Guardia di Finanza, per lui farmi diventare ufficiale era il regalo pi\u00f9 grande. Ho fatto anche l\u2019accademia, ma io volevo continuare a cantare. Lui l\u2019ha presa male e mi ha detto \u201cArrangiati\u201d\u00bb. Renga ha poi sottolineato: \u00ab<strong>Ringrazio mio padre e non lo biasimo<\/strong>. <\/p>\n<p>Non ho mai avuto un piano B\u00bb. E ancora: \u00abNon ha mai riconosciuto la mia professione fino al 2005, quando ho vinto il Festival di Sanremo\u00bb.Gli incontri della carriera <\/p>\n<p>Nel corso dell\u2019intervista, Renga ha ricordato anche alcuni incontri importanti per la sua carriera, tra cui quello con Gianni Morandi, che lo present\u00f2 agli esordi nel 2002, e il suo idolo d\u2019infanzia <a href=\"https:\/\/www.ilmessaggero.it\/t\/renato-zero\" rel=\"nofollow noopener\" target=\"_blank\">Renato Zero<\/a>, definito \u00abun gigante della musica italiana\u00bb: \u00abLui sapeva che ero un sorcino\u00bb. Infine, un passaggio dedicato alla stima per <a href=\"https:\/\/www.ilmessaggero.it\/t\/gino-paoli\" rel=\"nofollow noopener\" target=\"_blank\">Gino Paoli<\/a>: \u00abRicordo il timore reverenziale che aveva per il palcoscenico di Sanremo. Io lo guardavo e mi chiedevo come fosse possibile che uno come lui avesse paura\u00bb.<\/p>\n<p>&#13;<br \/>\n                            \u00a9 RIPRODUZIONE RISERVATA&#13;<\/p>\n<p>&#13;<\/p>\n","protected":false},"excerpt":{"rendered":"Il punto serale sulle notizie del giorno Iscriviti e ricevi le notizie via email Francesco Renga ospite a&hellip;\n","protected":false},"author":3,"featured_media":419299,"comment_status":"","ping_status":"","sticky":false,"template":"","format":"standard","meta":{"footnotes":"","_share_on_mastodon":"0"},"categories":[1443],"tags":[87523,203,82217,16459,204,1537,90,89,1538,1539,26349,9143],"class_list":["post-419782","post","type-post","status-publish","format-standard","has-post-thumbnail","category-musica","tag-da-noi-a-ruota-libera","tag-entertainment","tag-francesco-renga","tag-gino-paoli","tag-intrattenimento","tag-it","tag-italia","tag-italy","tag-music","tag-musica","tag-renato-zero","tag-sanremo"],"share_on_mastodon":{"url":"https:\/\/pubeurope.com\/@it\/116318236392379793","error":""},"_links":{"self":[{"href":"https:\/\/www.europesays.com\/it\/wp-json\/wp\/v2\/posts\/419782","targetHints":{"allow":["GET"]}}],"collection":[{"href":"https:\/\/www.europesays.com\/it\/wp-json\/wp\/v2\/posts"}],"about":[{"href":"https:\/\/www.europesays.com\/it\/wp-json\/wp\/v2\/types\/post"}],"author":[{"embeddable":true,"href":"https:\/\/www.europesays.com\/it\/wp-json\/wp\/v2\/users\/3"}],"replies":[{"embeddable":true,"href":"https:\/\/www.europesays.com\/it\/wp-json\/wp\/v2\/comments?post=419782"}],"version-history":[{"count":0,"href":"https:\/\/www.europesays.com\/it\/wp-json\/wp\/v2\/posts\/419782\/revisions"}],"wp:featuredmedia":[{"embeddable":true,"href":"https:\/\/www.europesays.com\/it\/wp-json\/wp\/v2\/media\/419299"}],"wp:attachment":[{"href":"https:\/\/www.europesays.com\/it\/wp-json\/wp\/v2\/media?parent=419782"}],"wp:term":[{"taxonomy":"category","embeddable":true,"href":"https:\/\/www.europesays.com\/it\/wp-json\/wp\/v2\/categories?post=419782"},{"taxonomy":"post_tag","embeddable":true,"href":"https:\/\/www.europesays.com\/it\/wp-json\/wp\/v2\/tags?post=419782"}],"curies":[{"name":"wp","href":"https:\/\/api.w.org\/{rel}","templated":true}]}}