{"id":419884,"date":"2026-03-30T14:31:10","date_gmt":"2026-03-30T14:31:10","guid":{"rendered":"https:\/\/www.europesays.com\/it\/419884\/"},"modified":"2026-03-30T14:31:10","modified_gmt":"2026-03-30T14:31:10","slug":"cev-cup-volley-femminile-kaja-grobelna-sfida-il-suo-chieri-in-finale-a-torino","status":"publish","type":"post","link":"https:\/\/www.europesays.com\/it\/419884\/","title":{"rendered":"CEV Cup Volley Femminile: Kaja Grobelna sfida il &#8220;suo&#8221; Chieri in finale a Torino"},"content":{"rendered":"\n<p>\u00abTorino mi ha accolto a braccia aperte dal primo giorno, oltre a rappresentare il mio passato \u00e8 dove ho deciso di costruire il mio futuro. Sar\u00e0 molto emozionante tornarci, \u00e8 casa mia\u00bb. Kaja Grobelna, ex capitana del Chieri, \u00e8 una delle protagoniste della storia recente del club piemontese. Dopo aver alzato tre trofei internazionali con le collinari, oggi \u00e8 l\u2019opposto del Galatasaray, avversario di Chieri nella finale di Cev Cup. A pochi giorni dalla gara di mercoled\u00ec, Grobelna racconta emozioni, scelte e visione su una doppia finale che assegner\u00e0 il trofeo. Due gare dal sapore speciale.<\/p>\n<p><strong>Cosa rappresenta per lei Chieri? <\/strong><\/p>\n<p>\u00ab\u00c8 la societ\u00e0 in cui sono cresciuta come giocatrice e come persona. L\u00ec ho vissuto emozioni incredibili con persone fantastiche. La considero l\u2019esperienza che mi \u00e8 rimasta pi\u00f9 nel cuore\u00bb.<\/p>\n<p><strong>Che effetto le fa sfidarla in finale?<\/strong><\/p>\n<p>\u00ab\u00c8 una sensazione molto particolare. Come professionista l\u2019obiettivo \u00e8 vincere, ma dal giorno in cui sono andata via ho sempre augurato il meglio a tutti, perch\u00e9 se lo meritano\u00bb.<\/p>\n<p><strong>Sar\u00e0 una partita pi\u00f9 emotiva delle altre? <\/strong><\/p>\n<p>\u00abNon posso nascondere che sar\u00f2 emozionata, soprattutto pensando ai traguardi raggiunti insieme. Per\u00f2 gi\u00e0 qualche mese fa avevo cominciato a pensare che questa situazione sarebbe potuta succedere, quindi mi sono preparata psicologicamente\u00bb.<\/p>\n<p><strong>Quanto conter\u00e0 separare affetto e campo? <\/strong><\/p>\n<p>\u00abSiamo professionisti. Quando entriamo in campo, dobbiamo concentrarci solo sulla partita, senza emozioni\u00bb.<\/p>\n<p><strong>I<\/strong><strong>l ricordo pi\u00f9 bello dei trofei vinti? <\/strong><\/p>\n<p>\u00abLa Challenge Cup \u00e8 stata incredibile, specialmente perch\u00e9 \u00e8 stata la prima coppa europea per Chieri al mio primo anno da capitana. Ma se devo scegliere, direi la vittoria della Cev Cup: una competizione cos\u00ec importante vinta davanti ai nostri tifosi, ed essere eletta Mvp. \u00c8 uno dei giorni pi\u00f9 belli della mia carriera\u00bb.<\/p>\n<p><strong>Perch\u00e9 nel 2024 ha scelto il Giappone? <\/strong><\/p>\n<p>\u00abIl Giappone \u00e8 sempre stato un mio sogno. Ho voluto fare un\u2019esperienza diversa, mettermi alla prova a quelle latitudini. La societ\u00e0 ha capito la mia scelta e mi ha sostenuta\u00bb.<\/p>\n<p><strong>Che cosa le ha lasciato? <\/strong><\/p>\n<p>\u00abMi ha arricchita tanto quell\u2019esperienza, ho conosciuto una cultura sportiva e professionale diversa\u00bb.<\/p>\n<p><strong>Come si trova oggi al Galatasaray? <\/strong><\/p>\n<p>\u00ab\u00c8 una sfida stimolante, con dinamiche interne diverse, ma lo vivo come uno sprone a migliorare\u00bb.<\/p>\n<p><strong>Che ambiente ha trovato in Turchia? <\/strong><\/p>\n<p>\u00abPassare da un contesto pi\u00f9 familiare come Chieri a un club internazionale, una polisportiva, \u00e8 stato un grande cambiamento, ma mi ha dato nuove opportunit\u00e0\u00bb.<\/p>\n<p><strong>Sentite il peso dei favori del pronostico? <\/strong><\/p>\n<p>\u00abNon credo ci sia un vero favorito. Chieri ha fatto un percorso fantastico e ha dimostrato di potersela giocare con chiunque\u00bb.<\/p>\n<p><strong>Quanto pesa avere in squadra Myriam Sylla?<\/strong><\/p>\n<p>\u00ab\u00c8 un valore aggiunto, sia dal punto di vista tecnico che caratteriale. \u00c8 una campionessa e una meravigliosa compagna di squadra\u00bb.<\/p>\n<p><strong>Che Chieri si aspetta? <\/strong><\/p>\n<p>\u00abLotteranno fino all\u2019ultimo. Li conosco bene, non molleranno mai\u00bb.<\/p>\n<p><strong>Conta conoscere l\u2019ambiente? <\/strong><\/p>\n<p>\u00abDa quando sono andata via, molte cose sono cambiate, conta solo il presente\u00bb.<\/p>\n<p><strong>Q<\/strong><strong>uanto peser\u00e0 la gara d\u2019andata? <\/strong><\/p>\n<p>\u00abLa gara d\u2019andata a Torino sar\u00e0 fondamentale. Vincere ci darebbe molta fiducia\u00bb.<\/p>\n<p><strong>Che cosa significherebbe vincere ancora la Cev Cup? <\/strong><\/p>\n<p>\u00abPer il Galatasaray sarebbe storico. Per me sarebbe bellissimo poterla rialzare\u00bb.<\/p>\n","protected":false},"excerpt":{"rendered":"\u00abTorino mi ha accolto a braccia aperte dal primo giorno, oltre a rappresentare il mio passato \u00e8 dove&hellip;\n","protected":false},"author":3,"featured_media":419885,"comment_status":"","ping_status":"","sticky":false,"template":"","format":"standard","meta":{"footnotes":"","_share_on_mastodon":"0"},"categories":[1474],"tags":[100557,87259,1537,90,89,245,244,188,1869],"class_list":["post-419884","post","type-post","status-publish","format-standard","has-post-thumbnail","category-volley","tag-angelo-petrucci","tag-chieri","tag-it","tag-italia","tag-italy","tag-sport","tag-sports","tag-tempo-libero","tag-volley"],"share_on_mastodon":{"url":"https:\/\/pubeurope.com\/@it\/116318613351766313","error":""},"_links":{"self":[{"href":"https:\/\/www.europesays.com\/it\/wp-json\/wp\/v2\/posts\/419884","targetHints":{"allow":["GET"]}}],"collection":[{"href":"https:\/\/www.europesays.com\/it\/wp-json\/wp\/v2\/posts"}],"about":[{"href":"https:\/\/www.europesays.com\/it\/wp-json\/wp\/v2\/types\/post"}],"author":[{"embeddable":true,"href":"https:\/\/www.europesays.com\/it\/wp-json\/wp\/v2\/users\/3"}],"replies":[{"embeddable":true,"href":"https:\/\/www.europesays.com\/it\/wp-json\/wp\/v2\/comments?post=419884"}],"version-history":[{"count":0,"href":"https:\/\/www.europesays.com\/it\/wp-json\/wp\/v2\/posts\/419884\/revisions"}],"wp:featuredmedia":[{"embeddable":true,"href":"https:\/\/www.europesays.com\/it\/wp-json\/wp\/v2\/media\/419885"}],"wp:attachment":[{"href":"https:\/\/www.europesays.com\/it\/wp-json\/wp\/v2\/media?parent=419884"}],"wp:term":[{"taxonomy":"category","embeddable":true,"href":"https:\/\/www.europesays.com\/it\/wp-json\/wp\/v2\/categories?post=419884"},{"taxonomy":"post_tag","embeddable":true,"href":"https:\/\/www.europesays.com\/it\/wp-json\/wp\/v2\/tags?post=419884"}],"curies":[{"name":"wp","href":"https:\/\/api.w.org\/{rel}","templated":true}]}}