{"id":420113,"date":"2026-03-30T18:01:13","date_gmt":"2026-03-30T18:01:13","guid":{"rendered":"https:\/\/www.europesays.com\/it\/420113\/"},"modified":"2026-03-30T18:01:13","modified_gmt":"2026-03-30T18:01:13","slug":"pena-parra-felice-di-andare-in-italia-in-segreteria-di-stato-unavventura-arricchente","status":"publish","type":"post","link":"https:\/\/www.europesays.com\/it\/420113\/","title":{"rendered":"Pe\u00f1a Parra: felice di andare in Italia, in Segreteria di Stato un&#8217;avventura arricchente"},"content":{"rendered":"<p>L\u2019arcivescovo venezuelano, finora sostituto e nominato oggi dal Papa nuovo nunzio in Italia e a San Marino, si \u00e8 congedato da superiori, officiali e collaboratori con i quali, dal 2018, ha vissuto una tappa \u201cinteressante, piena di insegnamenti e di sfide\u201d. Anni di lavoro \u201cintensi\u201d, tra il Covid e la morte di Benedetto XVI e Francesco, con momenti anche di \u201csofferenza istituzionale\u201d&#13;<br \/>\n&#13;<br \/>\n&#13;\n<\/p>\n<p><b>Salvatore Cernuzio \u2013 Citt\u00e0 del Vaticano<\/b><\/p>\n<p>Usa l\u2019immagine del \u201ctreno\u201d, l\u2019arcivescovo Edgar Pe\u00f1a Parra, finora sostituto della Segreteria di Stato e da oggi nominato nunzio apostolico in Italia e nella Repubblica di San Marino, per descrivere la sua vita, il suo lavoro e i tanti cambiamenti che lo hanno accompagnato in questi anni. L\u2019arcivescovo venezuelano ha radunato questa mattina, dopo le 12, nella prima sezione degli Affari Generali della Segreteria di Stato i superiori, l\u2019assessore, gli officiali e i collaboratori per dare il proprio saluto personale prima di trasferirsi nella sede di Via Po dove intraprender\u00e0 &#8220;con fiducia&#8221; l\u2019incarico conferitogli dal Papa.<\/p>\n<p>     <a href=\"https:\/\/www.vaticannews.va\/it\/papa\/news\/2026-03\/papa-nomine-sostituto-nunzio-italia-prefetto-casa-pontificia.html\" title=\"Le nomine di Leone XIV: sostituto, prefetto della Casa Pontificia e nunzio in Italia\" rel=\"nofollow noopener\" target=\"_blank\"><\/p>\n<p>        <img decoding=\"async\" src=\"data:image\/gif;base64,R0lGODlhAQABAIAAAAAAAP\/\/\/yH5BAEAAAAALAAAAAABAAEAAAIBRAA7\" data-original=\"https:\/\/www.vaticannews.va\/content\/dam\/vaticannews\/multimedia\/2026\/marzo\/30\/trittico.jpg\/_jcr_content\/renditions\/cq5dam.thumbnail.cropped.500.281.jpeg\" alt=\"Le nomine di Leone XIV: sostituto, prefetto della Casa Pontificia e nunzio in Italia\"\/><\/p>\n<p>      <\/a><\/p>\n<p>\n      Il nunzio in Colombia, Paolo Rudelli, prende il posto del sostituto Edgar Pe\u00f1a Parra che diventa nunzio in Italia e nella Repubblica di San Marino subentrando a Petar Raji\u010d &#8230;\n     <\/p>\n<p>Lealt\u00e0 e dedizione al Papa <\/p>\n<p>A Leone XIV monsignor Pe\u00f1a Parra assicura \u201clealt\u00e0, dedizione e preghiera\u201d e rivolge la sua gratitudine per questa nomina che, ha detto, vede come \u201cuna rinnovata chiamata al servizio, nella comunione e nell\u2019obbedienza\u201d. \u201cSono sinceramente felice di andare in Italia per iniziare questa nuova missione\u201d, ha affermato l\u2019arcivescovo che, nato nel nord-ovest del Venezuela, a Maracaibo, ha girato il mondo durante il suo servizio diplomatico presso la Santa Sede iniziato nel 1993, durante il quale ha rappresentato il Papa nelle Nunziature in Pakistan e Mozambico.<\/p>\n<p>Su un treno Frecciarossa <\/p>\n<p>Un treno, appunto, che \u201cparte verso una destinazione finale, ma che lungo il tragitto compie diverse soste, in luoghi distinti, per un tempo determinato, con persone diverse, prima dell\u2019arrivo alla meta ultima\u201d. \u201cTalvolta mi \u00e8 sembrato di essere su un Frecciarossa, tanto la vita della Chiesa corre veloce. A un certo punto il Signore ci fa salire su un vagone, ci affida un tratto di percorso, ci chiede di prenderci cura dei passeggeri che incontriamo\u201d. Poi si arriva ad una stazione: non la fine del viaggio, ma \u201cun passaggio\u201d in cui \u201csi scende, si consegna ad altri il tratto successivo, si cambia direzione\u201d. E il treno prosegue la sua corsa.<\/p>\n<p>    <img decoding=\"async\" src=\"data:image\/gif;base64,R0lGODlhAQABAIAAAAAAAP\/\/\/yH5BAEAAAAALAAAAAABAAEAAAIBRAA7\" data-original=\"https:\/\/www.vaticannews.va\/content\/dam\/vaticannews\/agenzie\/images\/srv\/2026\/03\/30\/2026-03-30-nomina-nunzio-apostolico-monsignor-edgar-pena-parra\/1774869990434.JPG\/_jcr_content\/renditions\/cq5dam.thumbnail.cropped.750.422.jpeg\" alt=\"Monsignor Pe\u00f1a Parra con il cardinale segretario di Stato, Pietro Parolin\" title=\"Monsignor Pe\u00f1a Parra con il cardinale segretario di Stato, Pietro Parolin\"\/><\/p>\n<p>\n   Monsignor Pe\u00f1a Parra con il cardinale segretario di Stato, Pietro Parolin \u00a0 (@Vatican Media)\n  <\/p>\n<p>L&#8217;avventura in Segreteria di Stato tra sfide e insegnamenti <\/p>\n<p>Nella Segreteria di Stato certamente \u201cla fermata pi\u00f9 lunga\u201d, oltre che \u201cuna sosta intensa, interessante, piena di insegnamenti e di sfide\u201d. \u201cUn\u2019avventura molto bella e arricchente\u201d, ha sottolineato Pe\u00f1a Parra, senza nascondere il fatto che questi anni di lavoro sono stati a volte \u201cdurissimi\u201d. Prima la \u201cprova globale\u201d della pandemia di Covid-19 che \u201cha segnato il mondo e toccato anche le nostre mura leonine\u201d; poi \u201cil dolore per la morte del Papa emerito Benedetto XVI\u201d; \u201cl&#8217;angoscia\u201d per la malattia di Papa Francesco, fino alla morte e i funerali \u201cche hanno commosso il mondo intero\u201d; le \u201cdelicate fasi\u201d del Conclave, culminate \u201cnella gioia per l\u2019elezione di Papa Leone XIV\u201d.<\/p>\n<p>In questi anni non sono mancati anche quelli che il sostituto emerito ha definito \u201cmomenti di sofferenza istituzionale\u201d. Uno su tutti, il lungo procedimento giudiziario legato alla vicenda del Palazzo di Londra che \u201cha esposto la Santa Sede e in particolare la nostra Segreteria di Stato a un\u2019attenzione mediatica e giudiziaria senza precedenti, chiedendoci rigore, trasparenza e senso di responsabilit\u00e0\u201d.<\/p>\n<p>     <a href=\"https:\/\/www.vaticannews.va\/it\/vaticano\/news\/2025-12\/pena-parra-ai-dipendenti-vaticani-messa-natale.html\" title=\"Pe\u00f1a Parra ai dipendenti vaticani: vivere con serenit\u00e0 e fecondit\u00e0 il proprio servizio\" rel=\"nofollow noopener\" target=\"_blank\"><\/p>\n<p>        <img decoding=\"async\" src=\"data:image\/gif;base64,R0lGODlhAQABAIAAAAAAAP\/\/\/yH5BAEAAAAALAAAAAABAAEAAAIBRAA7\" data-original=\"https:\/\/www.vaticannews.va\/content\/dam\/vaticannews\/agenzie\/images\/srv\/2025\/12\/19\/2025-12-19-santa-messa-in-preparazione-al-santo-natale-per-i-dip\/1766133405540.JPG\/_jcr_content\/renditions\/cq5dam.thumbnail.cropped.500.281.jpeg\" alt=\"Pe\u00f1a Parra ai dipendenti vaticani: vivere con serenit\u00e0 e fecondit\u00e0 il proprio servizio\"\/><\/p>\n<p>      <\/a><\/p>\n<p>\n      L&#8217;arcivescovo sostituto della Segreteria di Stato ha celebrato la messa in preparazione al Natale stamani, 19 dicembre, nella basilica di San Pietro. L\u2019invito a svolgere il &#8230;\n     <\/p>\n<p>L&#8217;universalit\u00e0 della Chiesa <\/p>\n<p>In generale, in tutte queste circostanze \u201cla Sezione Affari Generali \u00e8 stata chiamata a custodire, coordinare, sostenere un servizio silenzioso, spesso invisibile, ma essenziale alla vita della Chiesa universale\u201d, ha affermato il presule. Poi, esprimendo \u201cgratitudine fraterna\u201d al cardinale segretario di Stato, Pietro Parolin, e ai superiori delle altre due Sezioni: monsignor Paul Richard Gallagher, monsignor Jan Pawlowski prima e monsignor Luciano Russo dopo, ha rivolto un \u201cricordo particolare\u201d anche ai rappresentanti pontifici. Attraverso di loro ha infatti potuto toccare con mano \u201cl\u2019universalit\u00e0 concreta della Chiesa, la sua presenza viva nelle diverse nazioni e culture\u201d: \u201cQui, tra queste mura, ho respirato forse come mai prima la cattolicit\u00e0: lingue, sensibilit\u00e0, storie provenienti da ogni parte del mondo che si incontrano e si armonizzano in un\u2019unica comunione\u201d.<\/p>\n<p>Gli auguri al nuovo sostituto Rudelli <\/p>\n<p>Da qui, \u201cun pensiero fraterno\u201d per monsignor Paolo Rudelli, che gli succeder\u00e0 in questo incarico \u201ccos\u00ec delicato\u201d e l\u2019augurio \u201cche possa vivere questa responsabilit\u00e0 come un tempo di grazia\u201d. Infine, il congedo &#8211; accolto con un applauso &#8211; mutuato dalle parole utilizzate dal sostituto Giovanni Battista Montini, futuro Papa Paolo VI: \u201cAvrete sempre qui, in coloro che mi succederanno, ci\u00f2 che ho sempre voluto offrirvi: la pi\u00f9 alta stima, la pi\u00f9 viva riconoscenza, il proposito pi\u00f9 deciso e pi\u00f9 devoto di lavorare con voi per il bene del mondo\u201d.<\/p>\n<p>    <img decoding=\"async\" src=\"data:image\/gif;base64,R0lGODlhAQABAIAAAAAAAP\/\/\/yH5BAEAAAAALAAAAAABAAEAAAIBRAA7\" data-original=\"https:\/\/www.vaticannews.va\/content\/dam\/vaticannews\/agenzie\/images\/srv\/2026\/03\/30\/2026-03-30-nomina-nunzio-apostolico-monsignor-edgar-pena-parra\/1774869975581.JPG\/_jcr_content\/renditions\/cq5dam.thumbnail.cropped.750.422.jpeg\" alt=\"Un momento del saluto\" title=\"Un momento del saluto\"\/><\/p>\n<p>\n   Un momento del saluto \u00a0 (@Vatican Media)\n  <\/p>\n","protected":false},"excerpt":{"rendered":"L\u2019arcivescovo venezuelano, finora sostituto e nominato oggi dal Papa nuovo nunzio in Italia e a San Marino, si&hellip;\n","protected":false},"author":3,"featured_media":420114,"comment_status":"","ping_status":"","sticky":false,"template":"","format":"standard","meta":{"footnotes":"","_share_on_mastodon":"0"},"categories":[6],"tags":[1059,14,8,1537,90,89,7,18534,15,82,9,83,10,80255,117378,1356,1358,177882,1327,82399,13,11,80,84,12,81,85,1329],"class_list":["post-420113","post","type-post","status-publish","format-standard","has-post-thumbnail","category-ultime-notizie","tag-chiesa-cattolica","tag-cronaca","tag-headlines","tag-it","tag-italia","tag-italy","tag-news","tag-nomine","tag-notizie","tag-notizie-di-cronaca","tag-notizie-principali","tag-notiziedicronaca","tag-notizieprincipali","tag-nunzio-apostolico","tag-papa-benedetto-xvi","tag-papa-francesco","tag-papa-leone-xiv","tag-repubblica-san-marino","tag-santa-sede","tag-segreteria-di-stato","tag-titoli","tag-ultime-notizie","tag-ultime-notizie-di-cronaca","tag-ultime-notizie-e-news-di-oggi","tag-ultimenotizie","tag-ultimenotiziedicronaca","tag-ultimenotizieenewsdioggi","tag-vaticano"],"share_on_mastodon":{"url":"","error":"Validation failed: Text character limit of 500 exceeded"},"_links":{"self":[{"href":"https:\/\/www.europesays.com\/it\/wp-json\/wp\/v2\/posts\/420113","targetHints":{"allow":["GET"]}}],"collection":[{"href":"https:\/\/www.europesays.com\/it\/wp-json\/wp\/v2\/posts"}],"about":[{"href":"https:\/\/www.europesays.com\/it\/wp-json\/wp\/v2\/types\/post"}],"author":[{"embeddable":true,"href":"https:\/\/www.europesays.com\/it\/wp-json\/wp\/v2\/users\/3"}],"replies":[{"embeddable":true,"href":"https:\/\/www.europesays.com\/it\/wp-json\/wp\/v2\/comments?post=420113"}],"version-history":[{"count":0,"href":"https:\/\/www.europesays.com\/it\/wp-json\/wp\/v2\/posts\/420113\/revisions"}],"wp:featuredmedia":[{"embeddable":true,"href":"https:\/\/www.europesays.com\/it\/wp-json\/wp\/v2\/media\/420114"}],"wp:attachment":[{"href":"https:\/\/www.europesays.com\/it\/wp-json\/wp\/v2\/media?parent=420113"}],"wp:term":[{"taxonomy":"category","embeddable":true,"href":"https:\/\/www.europesays.com\/it\/wp-json\/wp\/v2\/categories?post=420113"},{"taxonomy":"post_tag","embeddable":true,"href":"https:\/\/www.europesays.com\/it\/wp-json\/wp\/v2\/tags?post=420113"}],"curies":[{"name":"wp","href":"https:\/\/api.w.org\/{rel}","templated":true}]}}