{"id":420228,"date":"2026-03-30T19:36:16","date_gmt":"2026-03-30T19:36:16","guid":{"rendered":"https:\/\/www.europesays.com\/it\/420228\/"},"modified":"2026-03-30T19:36:16","modified_gmt":"2026-03-30T19:36:16","slug":"anna-falchi-mamma-orgogliosissima-della-figlia-alyssa","status":"publish","type":"post","link":"https:\/\/www.europesays.com\/it\/420228\/","title":{"rendered":"Anna Falchi mamma orgogliosissima della figlia Alyssa"},"content":{"rendered":"<p data-journey-content=\"true\" data-node-id=\"3\" class=\"css-6wxqfj emevuu60\">Assomiglia tantissimo alla <strong data-node-id=\"3.1\">mamma Anna Falchi<\/strong>, nonostante la giovane et\u00e0 condivide con lei gi\u00e0 i primi red carpet, ma non \u00e8 una <strong data-node-id=\"3.3\"><a href=\"https:\/\/www.elle.com\/it\/showbiz\/celebrities\/a61481807\/nepo-baby-questione-sessista\/\" target=\"_blank\" data-vars-ga-outbound-link=\"https:\/\/www.elle.com\/it\/showbiz\/celebrities\/a61481807\/nepo-baby-questione-sessista\/\" data-vars-ga-ux-element=\"Hyperlink\" data-vars-ga-call-to-action=\"nepo baby\" data-node-id=\"3.3.0\" class=\"body-link css-ohbdae emevuu60\" rel=\"nofollow noopener\">nepo baby<\/a><\/strong>. La figlia <strong data-node-id=\"3.5\">Alyssa, nata dalla relazione dell&#8217;attrice con l&#8217;i<\/strong><strong data-node-id=\"3.6\">mprenditore romagnolo Denny Montesi<\/strong>, a cui \u00e8 stata legata dal 2008 al 2010, ha appena quindici anni e tutta la vita per decidere quale carriera intraprendere, eppure la tentazione di immaginarla gi\u00e0 reginetta di bellezza come la madre, che nel 1989 partecip\u00f2 a <strong data-node-id=\"3.8\"><a href=\"https:\/\/www.elle.com\/it\/showbiz\/musica\/a70494866\/ditonellapiaga-sanremo-2026-polemica-miss-italia\/\" target=\"_blank\" data-vars-ga-outbound-link=\"https:\/\/www.elle.com\/it\/showbiz\/musica\/a70494866\/ditonellapiaga-sanremo-2026-polemica-miss-italia\/\" data-vars-ga-ux-element=\"Hyperlink\" data-vars-ga-call-to-action=\"Miss Italia\" data-node-id=\"3.8.0\" class=\"body-link css-ohbdae emevuu60\" rel=\"nofollow noopener\">Miss Italia<\/a><\/strong>, vincendo la fascia di Miss Cinema, o protagonista di qualche film \u00e8 forte. <\/p>\n<p>Related StoriesIl look ribelle di Alyssa, la &#8220;figlia-gemella&#8221; di Anna Falchi<\/p>\n<p data-journey-content=\"true\" data-node-id=\"10\" class=\"css-6wxqfj emevuu60\">Complice l&#8217;incredibile somiglianza che l&#8217;accomuna all&#8217;attrice, la ragazza sembra gi\u00e0 destinata alle luci della ribalta. Una suggestione che pare trovare una certa conferma nella <strong data-node-id=\"10.1\">recente apparizione del duo mamma-figlia<\/strong> in occasione della premi\u00e8re di <strong data-node-id=\"10.3.0\"><a href=\"https:\/\/www.elle.com\/it\/showbiz\/cinema\/a70029154\/film-romantici-2026\/\" target=\"_blank\" data-vars-ga-outbound-link=\"https:\/\/www.elle.com\/it\/showbiz\/cinema\/a70029154\/film-romantici-2026\/\" data-vars-ga-ux-element=\"Hyperlink\" data-vars-ga-call-to-action=\"The Drama\" data-node-id=\"10.3.0.0\" class=\"body-link css-ohbdae emevuu60\" rel=\"nofollow noopener\">The Drama<\/a><\/strong>, a Roma. L&#8217;ex modella 53enne ha deciso di presenziare all&#8217;evento di presentazione del film con <strong data-node-id=\"10.5\"><a href=\"https:\/\/www.elle.com\/it\/bellezza-beauty\/capelli\/a70569653\/zendaya-nuovo-taglio-capelli-caschetto-foto\/\" target=\"_blank\" data-vars-ga-outbound-link=\"https:\/\/www.elle.com\/it\/bellezza-beauty\/capelli\/a70569653\/zendaya-nuovo-taglio-capelli-caschetto-foto\/\" data-vars-ga-ux-element=\"Hyperlink\" data-vars-ga-call-to-action=\"Zendaya\" data-node-id=\"10.5.0\" class=\"body-link css-ohbdae emevuu60\" rel=\"nofollow noopener\">Zendaya<\/a><\/strong> e <strong data-node-id=\"10.7\"><a href=\"https:\/\/www.elle.com\/it\/showbiz\/gossip\/a64938026\/kristen-stewart-robert-pattinson-rottura-separazione-fidanzati-pentita-comunicato\/\" target=\"_blank\" data-vars-ga-outbound-link=\"https:\/\/www.elle.com\/it\/showbiz\/gossip\/a64938026\/kristen-stewart-robert-pattinson-rottura-separazione-fidanzati-pentita-comunicato\/\" data-vars-ga-ux-element=\"Hyperlink\" data-vars-ga-call-to-action=\"Robert Pattinson\" data-node-id=\"10.7.0\" class=\"body-link css-ohbdae emevuu60\" rel=\"nofollow noopener\">Robert Pattinson<\/a><\/strong> insieme alla figlia, che \u00e8 apparsa in tutto il suo splendore con un outfit molto rock. Calze a rete con scaldamuscoli, minigonna e t-shirt nere, giubbotto di pelle, eyeliner e capelli lunghi, lisci e biondi: nella sua scelta di stile Alyssa sembrava ricordare i tempi d&#8217;oro di <a href=\"https:\/\/www.elle.com\/it\/showbiz\/musica\/a38863346\/damiano-maneskin-avril-lavigne\/\" target=\"_blank\" data-vars-ga-outbound-link=\"https:\/\/www.elle.com\/it\/showbiz\/musica\/a38863346\/damiano-maneskin-avril-lavigne\/\" data-vars-ga-ux-element=\"Hyperlink\" data-vars-ga-call-to-action=\"Avril Lavigne\" data-node-id=\"10.9\" class=\"body-link css-ohbdae emevuu60\" rel=\"nofollow noopener\">Avril Lavigne<\/a>.<\/p>\n<p><img draggable=\"true\" alt=\"anna falchi figlia alyssa chi \u00e8\" title=\"Anna Falchi figlia Alyssa chi \u00e8\" loading=\"lazy\" width=\"3272\" height=\"5040\" decoding=\"async\" data-nimg=\"1\" style=\"color:transparent;width:100%;height:auto;\"   src=\"https:\/\/www.europesays.com\/it\/wp-content\/uploads\/2026\/03\/cc8b28c8-d620-41f8-88b5-4f3aee2c8075.jpg\" class=\"css-0 e1g79fud0\"\/><a target=\"_blank\" rel=\"noopener nofollow\" data-theme-key=\"base-link\" href=\"https:\/\/pinterest.com\/pin\/create\/button\/?url=https:\/\/www.elle.com\/it\/showbiz\/celebrities\/a70881910\/anna-falchi-figlia-alyssa\/&amp;description=elleitalia&amp;media=https:\/\/hips.hearstapps.com\/hmg-prod\/images\/cc8b28c8-d620-41f8-88b5-4f3aee2c8075.jpg?resize=1600:*\" class=\"pinterest css-on9hn5 e1socmtw0\"><img decoding=\"async\" data-dynamic-svg=\"true\" src=\"https:\/\/www.elle.com\/_assets\/design-tokens\/fre\/static\/icons\/social\/pinterest.e8cf655.svg?primary=%2523ffffff\" loading=\"lazy\" data-testid=\"dynamic-svg-base\" height=\"auto\" width=\"auto\" alt=\"pinterest\" class=\"css-4lml0h e1mlxuuw1\"\/><\/a><\/p>\n<p>Elisabetta A. Villa<\/p>\n<p data-journey-content=\"true\" data-node-id=\"16\" class=\"css-6wxqfj emevuu60\">Nonostante il look &#8220;ribelle&#8221;, perfettamente in linea con l&#8217;et\u00e0 della ragazza, che lo scorso ottobre ha compiuto quindici anni, nella foto condivisa in una storia Instagram dall&#8217;attrice, si vedono mamma e figlia abbracciate e sorridenti. Segno di un rapporto davvero speciale tra loro, che ha gi\u00e0 conquistato tutti. Pi\u00f9 istituzionale, ma ugualmente &#8220;rebel&#8221;, l&#8217;outfit di Anna, che ha optato per un scintillante abito in lam\u00e9, una clutch luminosa e un giacchino mimetico bordato di pelo.<br data-node-id=\"16.1\"\/><\/p>\n<p>La passione comune per cinema e calcio <\/p>\n<p data-journey-content=\"true\" data-node-id=\"22\" class=\"css-6wxqfj emevuu60\">L&#8217;apparizione dell&#8217;ex sex symbol Anni 90 insieme alla figlia ha piacevolmente stupito pubblico e fan, che non hanno potuto evitare di notare <strong data-node-id=\"22.1\">la straordinaria somiglianza fra le due, a partire dai capelli, passando per gli occhi chiari e i delicati lineamenti del viso<\/strong>. Oltre alla somiglianza, a unirle \u00e8 un affiatamento invidiabile, dettato anche dalla comune passione per il cinema. La stessa attrice ha raccontato recentemente che la figlia la rende partecipe di tutta la sua vita e la aggiorna costantemente sul mondo dei social.<\/p>\n<p><img draggable=\"true\" alt=\"anna falchi figlia alyssa chi \u00e8\" title=\"Anna Falchi figlia Alyssa chi \u00e8\" loading=\"lazy\" width=\"3000\" height=\"1998\" decoding=\"async\" data-nimg=\"1\" style=\"color:transparent;width:100%;height:auto;\"   src=\"https:\/\/www.europesays.com\/it\/wp-content\/uploads\/2026\/03\/8e83c7aa-4040-461c-83fc-3ba947b04c06.jpg\" class=\"css-0 e1g79fud0\"\/><a target=\"_blank\" rel=\"noopener nofollow\" data-theme-key=\"base-link\" href=\"https:\/\/pinterest.com\/pin\/create\/button\/?url=https:\/\/www.elle.com\/it\/showbiz\/celebrities\/a70881910\/anna-falchi-figlia-alyssa\/&amp;description=elleitalia&amp;media=https:\/\/hips.hearstapps.com\/hmg-prod\/images\/8e83c7aa-4040-461c-83fc-3ba947b04c06.jpg?resize=1600:*\" class=\"pinterest css-on9hn5 e1socmtw0\"><img decoding=\"async\" data-dynamic-svg=\"true\" src=\"https:\/\/www.elle.com\/_assets\/design-tokens\/fre\/static\/icons\/social\/pinterest.e8cf655.svg?primary=%2523ffffff\" loading=\"lazy\" data-testid=\"dynamic-svg-base\" height=\"auto\" width=\"auto\" alt=\"pinterest\" class=\"css-4lml0h e1mlxuuw1\"\/><\/a>Ivan Romano<\/p>\n<p>Anna Falchi con la figlia Alyssa. <\/p>\n<p data-journey-content=\"true\" data-node-id=\"27\" class=\"css-6wxqfj emevuu60\">&#8220;Quello che fa lei a quindici anni, io lo facevo a diciassette. Oggi \u00e8 tutto pi\u00f9 veloce. <strong data-node-id=\"27.1\">Non abbiamo un rapporto conflittuale, io ho molta pazienza e imparo molto da lei&#8221;<\/strong>, ha detto Falchi, che peraltro condivide con la figlia anche il comune interesse per il calcio e la stesse fede calcistica, <a href=\"https:\/\/www.elle.com\/it\/bellezza-beauty\/corpo\/a35241195\/anna-falchi-foto-topless\/\" target=\"_blank\" data-vars-ga-outbound-link=\"https:\/\/www.elle.com\/it\/bellezza-beauty\/corpo\/a35241195\/anna-falchi-foto-topless\/\" data-vars-ga-ux-element=\"Hyperlink\" data-vars-ga-call-to-action=\"la Lazio, di cui Anna \u00e8 stata anche madrina\" data-node-id=\"27.3\" class=\"body-link css-ohbdae emevuu60\" rel=\"nofollow noopener\">la <strong data-node-id=\"27.3.1\">Lazio<\/strong>, di cui Anna \u00e8 stata anche madrina<\/a>. Lo scorso settembre, infatti, Anna e Alyssa erano state immortalate mentre erano all&#8217;Olimpico, durante il derby Lazio-Roma.<br data-node-id=\"27.5\"\/><\/p>\n<p>Gli amori di Anna Falchi<\/p>\n<p data-journey-content=\"true\" data-node-id=\"32\" class=\"css-6wxqfj emevuu60\">Un rapporto, quello mamma-figlia, davvero speciale, fatto di dinamiche che esulano dalle diverse relazioni che l&#8217;attrice ha allacciato negli anni. Legata da oltre due anni ad <strong data-node-id=\"32.1\">Andrea Crippa<\/strong>, vicesegretario della Lega, che per\u00f2 raramente presenzia ad eventi pubblici con lei, in passato Falchi \u00e8 stata unita a personaggi dello spettacolo come <strong data-node-id=\"32.3\"><a href=\"https:\/\/www.elle.com\/it\/showbiz\/gossip\/a45879007\/fiorello-vita-privata-gossip-viva-rai-2-successo\/\" target=\"_blank\" data-vars-ga-outbound-link=\"https:\/\/www.elle.com\/it\/showbiz\/gossip\/a45879007\/fiorello-vita-privata-gossip-viva-rai-2-successo\/\" data-vars-ga-ux-element=\"Hyperlink\" data-vars-ga-call-to-action=\"Fiorello\" data-node-id=\"32.3.0\" class=\"body-link css-ohbdae emevuu60\" rel=\"nofollow noopener\">Fiorello<\/a><\/strong> e <strong data-node-id=\"32.5\"><a href=\"https:\/\/www.elle.com\/it\/showbiz\/gossip\/a45858737\/max-biaggi-eleonora-pedron-oggi-storia-figli\/\" target=\"_blank\" data-vars-ga-outbound-link=\"https:\/\/www.elle.com\/it\/showbiz\/gossip\/a45858737\/max-biaggi-eleonora-pedron-oggi-storia-figli\/\" data-vars-ga-ux-element=\"Hyperlink\" data-vars-ga-call-to-action=\"Max Biaggi\" data-node-id=\"32.5.0\" class=\"body-link css-ohbdae emevuu60\" rel=\"nofollow noopener\">Max Biaggi<\/a><\/strong>. Nel 2005 \u00e8 convolata a nozze all&#8217;Argentario con l&#8217;imprenditore e finanziere romano <strong data-node-id=\"32.7\">Stefano Ricucci<\/strong>, dal quale si \u00e8 separata un anno dopo. Dal 2008 al 2010 \u00e8 stata legata all&#8217;imprenditore romagnolo <strong data-node-id=\"32.9\">Denny Montesi<\/strong>, pap\u00e0 di Alyssa, mentre dal 2011 al 2022 \u00e8 stata legata sentimentalmente ad <strong data-node-id=\"32.11\">Andrea Ruggieri<\/strong>, giornalista Rai e deputato di Forza Italia. In tutti questi valzer, Alyssa per\u00f2 \u00e8 sempre stata il punto fermo dell&#8217;attrice, che oggi non potrebbe essere pi\u00f9 orgogliosa di essere mamma.<\/p>\n<p><img decoding=\"async\" data-dynamic-svg=\"true\" src=\"https:\/\/www.elle.com\/_assets\/design-tokens\/fre\/static\/icons\/arrow-right.7440adc.svg?primary=%2523D4D4D4\" loading=\"lazy\" data-testid=\"dynamic-svg-base\" height=\"auto\" width=\"auto\" aria-label=\"Prev carousel button\" alt=\"Chevron Left Icon\" data-theme-key=\"icon-button-icon\" transform=\"scaleX(-1)\" class=\"css-14vtfey erhb41k0\"\/><img decoding=\"async\" data-dynamic-svg=\"true\" src=\"https:\/\/www.elle.com\/_assets\/design-tokens\/fre\/static\/icons\/arrow-right.7440adc.svg?primary=%25230f0f15\" loading=\"lazy\" data-testid=\"dynamic-svg-base\" height=\"auto\" width=\"auto\" aria-label=\"Next carousel button\" alt=\"Chevron Right Icon\" data-theme-key=\"icon-button-icon\" class=\"css-18znc9e erhb41k0\"\/><\/p>\n","protected":false},"excerpt":{"rendered":"Assomiglia tantissimo alla mamma Anna Falchi, nonostante la giovane et\u00e0 condivide con lei gi\u00e0 i primi red carpet,&hellip;\n","protected":false},"author":3,"featured_media":420229,"comment_status":"","ping_status":"","sticky":false,"template":"","format":"standard","meta":{"footnotes":"","_share_on_mastodon":"0"},"categories":[1451],"tags":[43906,238845,7738,1621,1620,238846,2912,203,204,1537,90,89,1780],"class_list":["post-420228","post","type-post","status-publish","format-standard","has-post-thumbnail","category-celebrita","tag-anna-falchi","tag-anna-falchi-figlia-alyssa","tag-attrice","tag-celebrita","tag-celebrities","tag-denny-montesi","tag-engagement","tag-entertainment","tag-intrattenimento","tag-it","tag-italia","tag-italy","tag-traffico"],"share_on_mastodon":{"url":"https:\/\/pubeurope.com\/@it\/116319812897508466","error":""},"_links":{"self":[{"href":"https:\/\/www.europesays.com\/it\/wp-json\/wp\/v2\/posts\/420228","targetHints":{"allow":["GET"]}}],"collection":[{"href":"https:\/\/www.europesays.com\/it\/wp-json\/wp\/v2\/posts"}],"about":[{"href":"https:\/\/www.europesays.com\/it\/wp-json\/wp\/v2\/types\/post"}],"author":[{"embeddable":true,"href":"https:\/\/www.europesays.com\/it\/wp-json\/wp\/v2\/users\/3"}],"replies":[{"embeddable":true,"href":"https:\/\/www.europesays.com\/it\/wp-json\/wp\/v2\/comments?post=420228"}],"version-history":[{"count":0,"href":"https:\/\/www.europesays.com\/it\/wp-json\/wp\/v2\/posts\/420228\/revisions"}],"wp:featuredmedia":[{"embeddable":true,"href":"https:\/\/www.europesays.com\/it\/wp-json\/wp\/v2\/media\/420229"}],"wp:attachment":[{"href":"https:\/\/www.europesays.com\/it\/wp-json\/wp\/v2\/media?parent=420228"}],"wp:term":[{"taxonomy":"category","embeddable":true,"href":"https:\/\/www.europesays.com\/it\/wp-json\/wp\/v2\/categories?post=420228"},{"taxonomy":"post_tag","embeddable":true,"href":"https:\/\/www.europesays.com\/it\/wp-json\/wp\/v2\/tags?post=420228"}],"curies":[{"name":"wp","href":"https:\/\/api.w.org\/{rel}","templated":true}]}}