{"id":420600,"date":"2026-03-31T01:01:18","date_gmt":"2026-03-31T01:01:18","guid":{"rendered":"https:\/\/www.europesays.com\/it\/420600\/"},"modified":"2026-03-31T01:01:18","modified_gmt":"2026-03-31T01:01:18","slug":"sui-monti-del-piemonte-i-rifugi-rinascono-grazie-al-design-forme-contemporanee-legno-e-pietre-recupero-della-memoria-dei-luoghi","status":"publish","type":"post","link":"https:\/\/www.europesays.com\/it\/420600\/","title":{"rendered":"Sui monti del Piemonte i rifugi rinascono grazie al design: forme contemporanee, legno e pietre, recupero della memoria dei luoghi"},"content":{"rendered":"<p>    di<br \/>\n    Teresa Cioffi<\/p>\n<p class=\"summary-art is-line-h-12\">\u00c8 l\u2019identit\u00e0 dei lavori firmati da Coutan Studio, fondato nel 2017 a Oulx. Una realt\u00e0 che ha sviluppato un proprio linguaggio a partire da una tipologia specifica di architettura: il rifugio<\/p>\n<p class=\"chapter-paragraph\"><b>Forme contemporanee<\/b>, uso del <b>legno locale <\/b>e recupero della <b>memoria dei luoghi<\/b>. \u00c8 su questi elementi che si definisce l\u2019identit\u00e0 dei lavori firmati da <b>Coutan Studio<\/b>, fondato nel 2017 a <b>Oulx<\/b>. Una realt\u00e0 che ha sviluppato un proprio linguaggio a partire da una tipologia specifica di architettura: <b>il rifugio<\/b>. Con i recuperi di Coutan, lo spazio essenziale per eccellenza acquisisce una personalit\u00e0 sofisticata. Strutture monolitiche trionfano ad alta quota senza per\u00f2 rinunciare alla discrezione, nel rispetto dei paesaggi montani.<\/p>\n<p class=\"chapter-paragraph\">\u00abLavoriamo per sottrazione \u2014 spiega <b>l\u2019architetto Devis Guiguet<\/b> \u2014. Ci muoviamo seguendo due intenzioni principali. Da una parte diamo continuit\u00e0 alla storia di ogni luogo, ad esempio ricorrendo all\u2019utilizzo di materiali che richiamano al passato. Dall\u2019altra, per\u00f2, utilizziamo le forme del gusto presente, cos\u00ec da realizzare un\u2019architettura montana contemporanea\u00bb.<br \/>\u00c8 accaduto all\u2019<b>Alpe del Meys<\/b>, a <b>Pragelato<\/b>, in un <b>alpeggio centenario<\/b> che oggi sembra scomparire nella montagna: \u00abAbbiamo sfruttato la natura ipogea del luogo. Non si tratta solo di un gesto formale: \u00e8 una conseguenza. Abbiamo valorizzato questo aspetto con geometrie capaci di potenziare la mimetizzazione\u00bb. Il recupero, oltretutto, \u00e8 stato selezionato dall\u2019<b>Ordine degli architetti di Torino<\/b> per Il tempo della montagna. ArchitetturaAlpinA in dieci storie, il primo progetto cinematografico promosso dall\u2019<b>associazione Architetti Arco Alpino<\/b>.\u00a0    &#13;<br \/>\n&#13;<br \/>\n&#13;<br \/>\n&#13;<br \/>\n&#13;<br \/>\n&#13;<br \/>\n&#13;<br \/>\n&#13;<br \/>\n&#13;<br \/>\n&#13;<br \/>\n&#13;<br \/>\n&#13;<br \/>\n&#13;<br \/>\n&#13;<br \/>\n&#13;<br \/>\n&#13;<br \/>\n&#13;<br \/>\n&#13;<br \/>\n&#13;<br \/>\n&#13;<br \/>\n&#13;<br \/>\n&#13;<br \/>\n&#13;<br \/>\n&#13;<br \/>\n&#13;<br \/>\n&#13;<br \/>\n&#13;<br \/>\n&#13;<br \/>\n&#13;<br \/>\n&#13;<br \/>\n&#13;<br \/>\n&#13;<br \/>\n&#13;<br \/>\n&#13;<br \/>\n&#13;<br \/>\n&#13;<br \/>\n&#13;<br \/>\n&#13;<br \/>\n&#13;<br \/>\n&#13;<br \/>\n&#13;<br \/>\n&#13;<br \/>\n&#13;<br \/>\n&#13;<br \/>\n&#13;<br \/>\n&#13;<br \/>\n&#13;<br \/>\n&#13;<br \/>\n&#13;<br \/>\n&#13;<br \/>\n&#13;<br \/>\n&#13;<br \/>\n&#13;\n<\/p>\n<p class=\"chapter-paragraph\">Diverso ma complementare \u00e8 il caso del <b>bivacco del Sommeiller<\/b>, a <b>Bardonecchia<\/b>, realizzato <b>a oltre 3.000 metri<\/b>. Qui il progetto \u00e8 stato realizzato su un ex comprensorio sciistico, dove per anni \u00e8 stata la lamiera a dettar legge. Una lamiera che torna nella struttura, richiamando i prefabbricati del passato: \u00abAbbiamo reinterpretato quel materiale in chiave contemporanea. Oggi il bivacco \u00e8 un <b>centro di cultura d\u2019alta quota<\/b> e comprende <b>spazi per il pernottamento<\/b>\u00bb.\u00a0<\/p>\n<p class=\"chapter-paragraph\">Su una scala pi\u00f9 ampia si inserisce invece il progetto di <b>Moncenisio<\/b>, dove lo studio ha lavorato sul <b>recupero di ex casermette militari<\/b>. Dal 2024 gli <b>edifici in pietra<\/b> sono stati trasformati in un centro polifunzionale e in una <b>residenza per artisti<\/b>. Ma non ci si ferma qui: \u00abEntro il 2026 verranno realizzati anche un\u2019<b>area wellness <\/b>e un <b>padiglione per eventi<\/b>. L\u2019obiettivo \u00e8 rafforzare un modello di ricettivit\u00e0 pi\u00f9 misurato, legato alla qualit\u00e0 dell\u2019esperienza\u00bb.\u00a0<\/p>\n<p class=\"chapter-paragraph\">Accanto a questo sviluppo, lo studio avvier\u00e0 gi\u00e0 nel corso di quest\u2019anno collaborazioni con diverse <b>Unioni montane della Val Susa<\/b>, lavorando a progetti pilota per creare strutture collettive come centri servizi, padiglioni e info point. Se il rifugio \u00e8 stato finora il terreno privilegiato di ricerca, lo sguardo si allarga agli spazi pensati per chi la montagna la vive ogni giorno. <br \/>\u00abA tenere insieme questi interventi \u00e8 anche una <b>forte attenzione al legno locale<\/b> \u2014 spiega Guiguet \u2014. Lo utilizziamo nell\u2019ottica di valorizzare la filiera territoriale\u00bb.\u00a0<\/p>\n<p class=\"chapter-paragraph\">Accanto alle essenze pi\u00f9 tradizionali, come <b>larice e abete<\/b>, lo studio lavora su materiali meno utilizzati. \u00c8 il caso del <b>pioppo<\/b>, spesso considerato un legno povero: \u00abBen presente nei nostri interni, ha caratteristiche molto interessanti e deve diventare una risorsa\u00bb. In questo <b>equilibrio tra forme contemporanee, memoria dei luoghi e riscoperta dei materiali <\/b>si definisce il lavoro di Coutan Studio. \u00abLa montagna, in fondo, non ha bisogno di essere reinventata \u2014 conclude l\u2019architetto \u2014 ma di essere capita e accompagnata: dai suoi rifugi al wellness, fino agli spazi della vita pubblica\u00bb.<\/p>\n<p class=\"is-mr-t-20 is-mr-b-20\"><b><br \/>\n                    <a href=\"https:\/\/torino.corriere.it\/?intcmp=Notizielocali_nd_010623_corriere_ss_nd\" target=\"_blank\" rel=\"nofollow noopener\">Vai a tutte le notizie di Torino<\/a><br \/>\n            <\/b><\/p>\n<p class=\"chapter-paragraph\"><b><a href=\"https:\/\/www.corriere.it\/newsletter\/?theme=35&amp;intcmp=IIIcolonna_NL_CorTorino\" target=\"_blank\" rel=\"nofollow noopener\">Iscriviti alla newsletter di Corriere Torino<\/a><\/b><\/p>\n<p class=\"is-last-update\" datetime=\"2026-03-30T05:30:02+02:00\">30 marzo 2026<\/p>\n<p class=\"is-copyright\">\n            \u00a9 RIPRODUZIONE RISERVATA\n        <\/p>\n","protected":false},"excerpt":{"rendered":"di Teresa Cioffi \u00c8 l\u2019identit\u00e0 dei lavori firmati da Coutan Studio, fondato nel 2017 a Oulx. Una realt\u00e0&hellip;\n","protected":false},"author":3,"featured_media":420601,"comment_status":"","ping_status":"","sticky":false,"template":"","format":"standard","meta":{"footnotes":"","_share_on_mastodon":"0"},"categories":[1446],"tags":[5781,7554,32518,14450,1361,2670,238984,1615,1613,1614,1611,1610,65536,104,41584,178393,238980,238981,238985,11535,1612,203,68408,238986,238987,28628,238988,238989,33361,238982,238990,7808,238991,238992,204,1537,90,89,238993,722,16206,7364,4951,12572,238983,14274,2851,3279,31391,21301,2128],"class_list":["post-420600","post","type-post","status-publish","format-standard","has-post-thumbnail","category-arte-e-design","tag-accanto","tag-alta","tag-alta-quota","tag-architetti","tag-architetto","tag-architettura","tag-architettura-rifugio","tag-arte","tag-arte-e-design","tag-arteedesign","tag-arts","tag-arts-and-design","tag-bivacco","tag-centro","tag-contemporanea","tag-contemporanee","tag-coutan","tag-coutan-studio","tag-coutan-studio-fondato","tag-definisce","tag-design","tag-entertainment","tag-firmati","tag-firmati-coutan","tag-firmati-coutan-studio","tag-fondato","tag-fondato-oulx","tag-fondato-oulx-realta","tag-forme","tag-forme-contemporanee","tag-guiguet","tag-identita","tag-identita-lavori","tag-identita-lavori-firmati","tag-intrattenimento","tag-it","tag-italia","tag-italy","tag-lamiera","tag-lavori","tag-legno","tag-luoghi","tag-materiali","tag-memoria","tag-memoria-luoghi","tag-montagna","tag-progetto","tag-recupero","tag-rifugio","tag-spazi","tag-studio"],"share_on_mastodon":{"url":"","error":"Validation failed: Text character limit of 500 exceeded"},"_links":{"self":[{"href":"https:\/\/www.europesays.com\/it\/wp-json\/wp\/v2\/posts\/420600","targetHints":{"allow":["GET"]}}],"collection":[{"href":"https:\/\/www.europesays.com\/it\/wp-json\/wp\/v2\/posts"}],"about":[{"href":"https:\/\/www.europesays.com\/it\/wp-json\/wp\/v2\/types\/post"}],"author":[{"embeddable":true,"href":"https:\/\/www.europesays.com\/it\/wp-json\/wp\/v2\/users\/3"}],"replies":[{"embeddable":true,"href":"https:\/\/www.europesays.com\/it\/wp-json\/wp\/v2\/comments?post=420600"}],"version-history":[{"count":0,"href":"https:\/\/www.europesays.com\/it\/wp-json\/wp\/v2\/posts\/420600\/revisions"}],"wp:featuredmedia":[{"embeddable":true,"href":"https:\/\/www.europesays.com\/it\/wp-json\/wp\/v2\/media\/420601"}],"wp:attachment":[{"href":"https:\/\/www.europesays.com\/it\/wp-json\/wp\/v2\/media?parent=420600"}],"wp:term":[{"taxonomy":"category","embeddable":true,"href":"https:\/\/www.europesays.com\/it\/wp-json\/wp\/v2\/categories?post=420600"},{"taxonomy":"post_tag","embeddable":true,"href":"https:\/\/www.europesays.com\/it\/wp-json\/wp\/v2\/tags?post=420600"}],"curies":[{"name":"wp","href":"https:\/\/api.w.org\/{rel}","templated":true}]}}