{"id":420735,"date":"2026-03-31T03:15:17","date_gmt":"2026-03-31T03:15:17","guid":{"rendered":"https:\/\/www.europesays.com\/it\/420735\/"},"modified":"2026-03-31T03:15:17","modified_gmt":"2026-03-31T03:15:17","slug":"gerry-scotti-chiede-scusa-dopo-la-bufera-sulle-sue-parole-sui-docenti-di-sostegno-non-volevo-mancare-di-rispetto","status":"publish","type":"post","link":"https:\/\/www.europesays.com\/it\/420735\/","title":{"rendered":"Gerry Scotti chiede scusa dopo la bufera sulle sue parole sui docenti di sostegno: &#8220;Non volevo mancare di rispetto&#8221;"},"content":{"rendered":"<p>Dopo giorni di polemiche il <strong>conduttore <a href=\"https:\/\/www.tecnicadellascuola.it\/gerry-scotti-a-una-docente-di-sostegno-accettare-quello-che-passa-il-convento-la-reazione-sul-web-vergogna\" rel=\"nofollow noopener\" target=\"_blank\">Gerry Scotti<\/a><\/strong> ha chiesto scusa per le sue parole pronunciate nel corso di una puntata de La Ruota della Fortuna su Canale 5. Come riporta Il Mattino, il presentatore ha scritto un messaggio su Instagram.<\/p>\n<p>\u201cChiedo scusa per le mie parole, sicuramente superficiali e riferite alla situazione dei giovani insegnati in Italia. Non intendevo mancare di rispetto alla funzione degli insegnanti di sostegno n\u00e9 ai ragazzi che ne hanno bisogno insieme alle loro famiglie. Vi ringrazio per l\u2019attenzione\u201d, questo il breve messaggio.<\/p>\n<p>Da cosa nasce la polemica<\/p>\n<p>Tutto nasce da un breve scambio durante la presentazione della concorrente. Alla domanda di\u00a0<strong>Scotti\u00a0<\/strong>su cosa insegnasse, la donna ha risposto: \u201cAllora, io insegno italiano, storia e geografia, per\u00f2 quest\u2019anno sono sul sostegno alle scuole\u201d. La replica del conduttore non si \u00e8 fatta attendere: \u201cEh beh, lo so che chi vuole fare il vostro lavoro deve accettare quello che passa il convento. Eh, noi non perdiamo l\u2019occasione per dirlo. Aiutiamo questi ragazzi che vogliono fare gli insegnanti\u201d.<\/p>\n<p>Insomma,\u00a0<strong><a href=\"https:\/\/www.tecnicadellascuola.it\/gerry-scotti-a-una-docente-di-sostegno-accetti-cio-che-passa-il-convento-tre-insegnanti-su-cinque-parlano-di-ripiego#google_vignette\" rel=\"nofollow noopener\" target=\"_blank\">fare l\u2019insegnante di sostegno \u00e8 un ripiego<\/a>?<\/strong>\u00a0Insegnare su sostegno e accettare \u201ctutto ci\u00f2 che passa il convento\u201d perch\u00e9 non si trova niente di meglio? Questo \u00e8 ci\u00f2 che si sono chiesti molti telespettatori.<\/p>\n<p>Il sondaggio<\/p>\n<p>Secondo un\u00a0<a href=\"https:\/\/www.tecnicadellascuola.it\/docenti-di-sostegno-senza-vocazione-per-2-insegnanti-su-3-linclusione-a-scuola-non-decolla-a-causa-loro-esiti-sondaggio\" rel=\"nofollow noopener\" target=\"_blank\"><strong>sondaggio<\/strong><\/a> della Tecnica della Scuola\u00a0che ha coinvolto 1.070 persone\u00a0<strong>secondo sette docenti su dieci non si fa bene inclusione degli alunni con disabilit\u00e0 a scuola.\u00a0<\/strong>I problemi, inoltre, sono moltissimi, prima tra tutti la\u00a0<strong>mancata \u201cvocazione\u201d di molti docenti di sostegno, spesso senza specializzazione: a dirlo sei docenti su dieci.<\/strong><\/p>\n<p>Ma andiamo alle motivazioni:\u00a0<strong>perch\u00e9 l\u2019inclusione scolastica degli alunni con disabilit\u00e0 non funziona<\/strong>? A quanto pare,<strong>\u00a0la \u201ccolpa\u201d \u00e8 degli insegnanti e a confermarlo sono stati loro stessi.<\/strong>\u00a0L\u2019opzione \u201cdocenti di sostegno senza specializzazione che magari fanno sostegno solo per ripiego\u201d \u00e8 stata infatti la pi\u00f9 scelta da tutti: da insegnanti, genitori, anche dalle persone che operano al di fuori del mondo della scuola.<\/p>\n<p>In particolare, a sceglierla \u00e8 stato il<strong>\u00a060,4%<\/strong>\u00a0dei docenti e l\u2019<strong>80,5%<\/strong>\u00a0dei genitori. A seguire, svetta la presenza di troppi casi di alunni con disabilit\u00e0 certificata, opzione selezionata dal\u00a0<strong>39%<\/strong>\u00a0dei docenti. Lo stesso numero di insegnanti ha posto tra i problemi irrisolti quello della \u201cmancanza di fondi per pagare figure esterne, nei casi di disabilit\u00e0 pi\u00f9 gravi\u201d.<\/p>\n<p>Le parole di Stefania Auci<\/p>\n<p>Qualche tempo fa, ai microfoni de\u00a0La Tecnica della Scuola,\u00a0la scrittrice autrice de \u201cI Leoni di Sicilia\u201d e docente di sostegno\u00a0<strong><a href=\"https:\/\/www.tecnicadellascuola.it\/dai-leoni-di-sicilia-ai-leoncini-dietro-i-banchi-stefania-auci-a-tutto-campo-sui-docenti-di-sostegno-intervista\" rel=\"nofollow noopener\" target=\"_blank\">Stefania Auci<\/a><\/strong>\u00a0ha detto: \u201cPurtroppo, \u00e8 vero, ci sono delle persone che dicono: \u2018Ah, va bene, sai che cosa faccio? Mi metto in\u00a0graduatoria per il sostegno\u2018. Cio\u00e8, come se si trattasse veramente di\u00a0una sorta di parcheggio\u201c, dice Auci. La realt\u00e0, aggiunge, \u00e8 del tutto diversa. \u201cIn classe, poi, ci si trova davanti lo psicotico, il soggetto affetto da autismo a basso funzionamento, il ragazzino con un\u00a0pregresso di violenza in famiglia.\u00a0E l\u00ec se non si \u00e8 pronti sono problemi seri\u201d.<a href=\"https:\/\/www.eadv.it\/p\/adv.html?utm_source=eADVbanner&amp;utm_medium=Logobanner&amp;utm_content=Logobanner&amp;utm_campaign=Autopromo\" target=\"_blank\" rel=\"noreferrer noopener nofollow\"><\/p>\n<p>La risposta della creator: \u201cVergogna. Dobbiamo cambiare il sistema\u201d<\/p>\n<p>L\u2019estratto di video \u00e8 diventato virale e ha scatenato la reazione di Flavia, disability travel blogger e caregiver, nota sui social come\u00a0<strong>@theshapeofautism<\/strong>, dove ogni giorno racconta la disabilit\u00e0 da vicino. Il suo commento \u00e8 diretto: \u201cCaro Gerry Scotti, c\u2019\u00e8 solo una parola per poter commentare quello che lei ha appena detto. Vergogna\u201d. La creator respinge l\u2019immagine degli\u00a0<strong>alunni con disabilit\u00e0<\/strong>\u00a0come \u201ccasi disperati\u201d di cui i docenti si devono accontentare: \u201cNon dobbiamo aiutare gli insegnanti, dobbiamo cambiare il sistema perch\u00e9 un insegnante che vuole insegnare e fa il sostegno solo per avere punteggio \u00e8 un sistema marcio. \u00c8 questo il punto\u201d. Tra i commenti al video, riportiamo alcune voci: \u201cPurtroppo sono i bambini che la maggior parte delle volte si devono accontentare di insegnanti non preparati. Quando capiremo che il sostegno \u00e8 il luogo della professionalit\u00e0 pi\u00f9 alta dei docenti forse i nostri bambini avranno un supporto migliore\u201d. C\u2019\u00e8, invece, chi difende Scotti sostenendo che la critica fosse rivolta al sistema e non agli alunni.<\/p>\n","protected":false},"excerpt":{"rendered":"Dopo giorni di polemiche il conduttore Gerry Scotti ha chiesto scusa per le sue parole pronunciate nel corso&hellip;\n","protected":false},"author":3,"featured_media":420736,"comment_status":"","ping_status":"","sticky":false,"template":"","format":"standard","meta":{"footnotes":"","_share_on_mastodon":"0"},"categories":[1451],"tags":[1621,1620,203,204,1537,90,89,6313],"class_list":["post-420735","post","type-post","status-publish","format-standard","has-post-thumbnail","category-celebrita","tag-celebrita","tag-celebrities","tag-entertainment","tag-intrattenimento","tag-it","tag-italia","tag-italy","tag-sostegno"],"share_on_mastodon":{"url":"https:\/\/pubeurope.com\/@it\/116321617513608247","error":""},"_links":{"self":[{"href":"https:\/\/www.europesays.com\/it\/wp-json\/wp\/v2\/posts\/420735","targetHints":{"allow":["GET"]}}],"collection":[{"href":"https:\/\/www.europesays.com\/it\/wp-json\/wp\/v2\/posts"}],"about":[{"href":"https:\/\/www.europesays.com\/it\/wp-json\/wp\/v2\/types\/post"}],"author":[{"embeddable":true,"href":"https:\/\/www.europesays.com\/it\/wp-json\/wp\/v2\/users\/3"}],"replies":[{"embeddable":true,"href":"https:\/\/www.europesays.com\/it\/wp-json\/wp\/v2\/comments?post=420735"}],"version-history":[{"count":0,"href":"https:\/\/www.europesays.com\/it\/wp-json\/wp\/v2\/posts\/420735\/revisions"}],"wp:featuredmedia":[{"embeddable":true,"href":"https:\/\/www.europesays.com\/it\/wp-json\/wp\/v2\/media\/420736"}],"wp:attachment":[{"href":"https:\/\/www.europesays.com\/it\/wp-json\/wp\/v2\/media?parent=420735"}],"wp:term":[{"taxonomy":"category","embeddable":true,"href":"https:\/\/www.europesays.com\/it\/wp-json\/wp\/v2\/categories?post=420735"},{"taxonomy":"post_tag","embeddable":true,"href":"https:\/\/www.europesays.com\/it\/wp-json\/wp\/v2\/tags?post=420735"}],"curies":[{"name":"wp","href":"https:\/\/api.w.org\/{rel}","templated":true}]}}