{"id":420827,"date":"2026-03-31T04:48:12","date_gmt":"2026-03-31T04:48:12","guid":{"rendered":"https:\/\/www.europesays.com\/it\/420827\/"},"modified":"2026-03-31T04:48:12","modified_gmt":"2026-03-31T04:48:12","slug":"paolo-crepet-via-i-social-per-i-ragazzi-piu-libri-illustrati-per-i-bambini-diritto-di-voto-da-16-anni-per-responsabilizzare-tutti-questi-giovani","status":"publish","type":"post","link":"https:\/\/www.europesays.com\/it\/420827\/","title":{"rendered":"Paolo Crepet: \u00abVia i social per i ragazzi, pi\u00f9 libri illustrati per i bambini. Diritto di voto da 16 anni per responsabilizzare tutti questi giovani\u00bb"},"content":{"rendered":"<p>    di<br \/>\n    Francesco Mariucci<\/p>\n<p class=\"summary-art is-line-h-12\">Lo psichiatra interviene sul caso della scuola media di Trescore: \u00abLa prof accoltellata dovrebbe essere premiata da Mattarella, ha fatto bene Valditara ad andarla a trovare in ospedale. Quel ragazzo \u00e8 il prodotto finale di un sistema cieco\u00bb<\/p>\n<p class=\"chapter-paragraph\">Quando si tocca il tema della <a href=\"https:\/\/corrieredelveneto.corriere.it\/notizie\/belluno\/cronaca\/26_marzo_28\/belluno-lite-a-una-festa-tra-amici-a-cesiomaggiore-accoltellato-un-giovane-di-27-anni-f2f5cef2-6140-4cc8-9b58-20243a286xlk.shtml\" title=\"Belluno, lite a una festa tra amici a Cesiomaggiore: accoltellato un giovane di 27 anni\" rel=\"nofollow noopener\" target=\"_blank\">violenza a scuola e dell\u2019educazione giovanile<\/a> la voce di Paolo Crepet, psichiatra e sociologo, \u00e8 sempre tra le pi\u00f9 attese e ascoltate. Il caso scatenante dal quale far partire il ragionamento \u00e8 ovviamente l\u2019accoltellamento della professoressa <b>Chiara Mocchi<\/b>, aggredita da uno studente di 13 anni in una scuola media nel bergamasco. A colpire Crepet in questa situazione \u00e8 anche la risposta che \u00e8 arrivata dalla docente: \u00ab<b>Questa ferita sia un ponte, non un muro<\/b>\u00bb ha scritto la donna dal suo letto d\u2019ospedale. Nelle ultime ore Mocchi ha ricevuto anche la visita del ministro dell\u2019Istruzione <b>Giuseppe Valditara<\/b>.<\/p>\n<p class=\"chapter-paragraph\"><b>Professor Crepet, che idea si \u00e8 fatto di questa vicenda?<br \/><\/b>\u00abIntanto, credo che il ministro abbia fatto una cosa molto giusta andando in ospedale ad assicurarsi sulle condizioni di una sua dipendente e dando anche un segnale. Detto questo, continuo a pensare che ci vorrebbe una bella onorificenza da parte del Presidente della Repubblica. Sarebbe un bel modo per dare una nuova visione dell\u2019importanza della scuola\u00bb.    &#13;<br \/>\n&#13;<br \/>\n&#13;<br \/>\n&#13;<br \/>\n&#13;<br \/>\n&#13;<br \/>\n&#13;<br \/>\n&#13;<br \/>\n&#13;<br \/>\n&#13;<br \/>\n&#13;<br \/>\n&#13;<br \/>\n&#13;<br \/>\n&#13;<br \/>\n&#13;<br \/>\n&#13;<br \/>\n&#13;<br \/>\n&#13;<br \/>\n&#13;<br \/>\n&#13;<br \/>\n&#13;<br \/>\n&#13;<br \/>\n&#13;<br \/>\n&#13;<br \/>\n&#13;<br \/>\n&#13;<br \/>\n&#13;<br \/>\n&#13;<br \/>\n&#13;<br \/>\n&#13;<br \/>\n&#13;<br \/>\n&#13;<br \/>\n&#13;<br \/>\n&#13;<br \/>\n&#13;<br \/>\n&#13;<br \/>\n&#13;<br \/>\n&#13;<br \/>\n&#13;<br \/>\n&#13;<br \/>\n&#13;<br \/>\n&#13;<br \/>\n&#13;<br \/>\n&#13;<br \/>\n&#13;<br \/>\n&#13;<br \/>\n&#13;<br \/>\n&#13;<br \/>\n&#13;<br \/>\n&#13;<br \/>\n&#13;<br \/>\n&#13;<br \/>\n&#13;\n<\/p>\n<p class=\"chapter-paragraph\"><b>Dunque, secondo lei la soluzione non va trovata nella stretta sul coltelli.<br \/>\u00ab<\/b>Siamo seri. Ci sono tante cose da osservare in giro: penso all\u2019esempio straordinario della Norvegia (il divieto di smartphone e smartwatch a scuola ndr), questa \u00e8 la via. Cominciamo dai bambini, dandogli libri illustrati da leggere. Non ha senso agire all\u2019ultimo secondo per prevenire i reati se non si fa nulla prima. Come dicono quelli che vanno a pesca, bisogna pasturare, agire dalle basi\u00bb.<\/p>\n<p class=\"chapter-paragraph\"><b>Da qui la sua battaglia per abbassare la maggiore et\u00e0 a sedici anni?<br \/>\u00ab<\/b>Non possiamo pretendere che i giovani abbiano la capacit\u00e0 di elaborare il loro futuro se non gli diamo responsabilit\u00e0. Sergio Marchionne diceva che un Paese dove ci sono solo diritti e nessun dovere \u00e8 un Paese morto, e io condivido in pieno. Parliamo del diritto di voto: \u00e8 stato gi\u00e0 fatto per le primarie del Pd, quando furono ammessi a votare i sedicenni. In quel caso faceva comodo a qualcuno? E allora mi chiedo: oggi chi ha paura dei giovani? Probabilmente gli adulti, che non sanno rispondere alle loro domande. Gli apparati politici siano pronti ad accogliere le loro istanze. Non \u00e8 un caso che nessun politico abbia commentato <a href=\"https:\/\/www.corriere.it\/tecnologia\/26_marzo_26\/perche-la-sentenza-sulla-dipendenza-da-social-e-storica-e-quali-saranno-le-conseguenze-per-le-big-tech-5621da30-9aee-4cb5-aebe-baa480417xlk.shtml\" title=\"Perch\u00e9 la sentenza sulla dipendenza da social \u00e8 storica? E quali saranno le conseguenze per le Big Tech?\" rel=\"nofollow noopener\" target=\"_blank\">la sentenza del New Mexico contro Meta<\/a>. Qui si mette la testa sotto la sabbia\u00bb.<\/p>\n<p class=\"chapter-paragraph\"><b>E secondo lei questa sentenza pu\u00f2 essere una svolta?<br \/>\u00ab<\/b>\u00c8 una grande occasione per affrontare il tema. Ma se si toglie una cosa, in questo caso l&#8217;uso dei social, bisogna metterne un\u2019altra. Innanzitutto bisogna intervenire nella scuola, valorizzando la professione degli insegnanti e garantendo l&#8217;autonomia scolastica. E poi c&#8217;\u00e8 quello che io chiamo &#8220;un vuoto artistico&#8221; da riempire. I giovani oggi non hanno creativit\u00e0. Una soluzione ce l&#8217;avrei: via i\u00a0social per i tredicenni e facciamo convenzioni con artisti. Un mimo, un illustratore, una ballerina, un musicista: vengano a scuola ad aprire il cervello di chi guarda e ascolta. O ancora: prevediamo un\u2019ora a settimana nella scuole medie in cui si parta dalla dama e si arrivi agli scacchi. Sarebbe un ottimo modo per aprire le teste e liberare il pensiero. La nostra atrofia di adulti \u00e8 ridicola e dannosa: oggi narrare e ascoltare \u00e8 un gesto rivoluzionario\u00bb.<\/p>\n<p class=\"chapter-paragraph\"><b>Quindi, anche il gesto di Trescore nasce da una mancanza di ascolto secondo lei.<br \/>\u00ab<\/b>C\u2019\u00e8 un rapporto diretto tra la mancanza di ascolto e la coltellata: quel gesto \u00e8 pura frustrazione. Basta leggere quello che ha scritto quel ragazzo, roba molto forte. Ma lui \u00e8 solo un prodotto finale: come si fa a non capire che questa \u00e8 l\u2019elegia del non vedere nulla? Eppure lo abbiamo gi\u00e0 conosciuto in altre epoche, non \u00e8 una novit\u00e0. L\u2019elemento nuovo \u00e8 la presenza del cellulare, e allora mi chiedo come mai non si possa aprire un ragionamento su uno strumento che in certe situazioni diventa estremamente pericoloso. Lasciamo ai nostri figli la possibilit\u00e0 di crescere con i loro tempi e i loro errori. E invece gli adulti oggi stanno &#8220;truccando&#8221; i bambini col rischio di mandarli fuori giri: io li chiamo &#8220;bambini Abarth&#8221;, e il tredicenne di Bergamo ne \u00e8 un esempio: non \u00e8 ascoltato, di lui non frega nulla a nessuno. Se ti puoi mettere una shirt con scritto vendetta e nessuno ti ferma, cosa devi fare di pi\u00f9, andare nudo in chiesa?\u00bb<\/p>\n<p class=\"chapter-paragraph\"><b>Come si pu\u00f2 ristabilire questo patto tra generazioni oggi?<\/b><br \/>\u00abSe ci chiedessimo quali nutrimenti stiamo dando ai nostri ragazzi, la risposta sarebbe desolante: niente. Quello che dovremmo fare \u00e8 seguire il gi\u00e0 citato esempio della Norvegia. Loro avevano iniziato una quindicina di anni fa con una decisione draconiana: tutti i bambini dovevano avere uno schermo, pensando che questo aiutasse a combattere le differenze sociali. Oggi riconoscono l\u2019errore e ammettono di essere stati ingenui, e per questo cambiamo. Ecco come nasce la speranza. Non c\u2019\u00e8 bisogno di aspettare la sentenza del New Mexico per capire cosa fare, avremmo potuto arrivarci da soli. Il problema \u00e8 che tra cinque giorni sar\u00e0 gi\u00e0 tutto dimenticato e cambieremo argomento. Ma al ministero dell\u2019Istruzione sono pagati per trasformare tutte queste tragedie in riforme, piuttosto che mandare i carabinieri a cercare tirapugni negli zainetti\u00bb.<\/p>\n<p class=\"is-mr-t-20 is-mr-b-20\"><b><br \/>\n                                    <a href=\"https:\/\/corrieredelveneto.corriere.it\/venezia-mestre\/?intcmp=Notizielocali_nd_010623_corriere_ss_venezia\" target=\"_blank\" rel=\"nofollow noopener\">Vai a tutte le notizie di Venezia Mestre<\/a><br \/>\n                        <\/b><\/p>\n<p class=\"chapter-paragraph\"><b><a href=\"https:\/\/www.corriere.it\/newsletter\/?theme=39&amp;intcmp=NL-artic_nd_060624_corriere_ss_veneto\" target=\"_blank\" rel=\"nofollow noopener\">Iscriviti alla newsletter del Corriere del Veneto<\/a><\/b><\/p>\n<p class=\"is-last-update\" datetime=\"2026-03-30T15:46:27+02:00\">30 marzo 2026 ( modifica il 30 marzo 2026 | 15:46)<\/p>\n<p class=\"is-copyright\">\n            \u00a9 RIPRODUZIONE RISERVATA\n        <\/p>\n","protected":false},"excerpt":{"rendered":"di Francesco Mariucci Lo psichiatra interviene sul caso della scuola media di Trescore: \u00abLa prof accoltellata dovrebbe essere&hellip;\n","protected":false},"author":3,"featured_media":420828,"comment_status":"","ping_status":"","sticky":false,"template":"","format":"standard","meta":{"footnotes":"","_share_on_mastodon":"0"},"categories":[79],"tags":[41371,239055,239056,5713,8711,6510,9063,788,3439,6880,3219,8366,42851,14,93,94,50404,806,136522,1426,324,1598,239051,23475,1537,90,89,5779,1609,37761,793,160841,235904,2672,11040,234970,7,3038,15,812,652,173992,12619,239052,23195,1699,5402,99338,4172,988,2061,144819,2319,239053,239054,1686,6444,2453,235683,11,84,91,12,85,92,70271,2424],"class_list":["post-420827","post","type-post","status-publish","format-standard","has-post-thumbnail","category-italia","tag-abarth","tag-abarth-tredicenne","tag-abarth-tredicenne-bergamo","tag-adulti","tag-agire","tag-aprire","tag-ascolto","tag-bambini","tag-bisogna","tag-capire","tag-chiamo","tag-chiedo","tag-crepet","tag-cronaca","tag-cronaca-italiana","tag-cronacaitaliana","tag-dando","tag-diritto","tag-diritto-voto","tag-finale","tag-gesto","tag-giovani","tag-illustrati","tag-istruzione","tag-it","tag-italia","tag-italy","tag-leggere","tag-libri","tag-libri-illustrati","tag-media","tag-mexico","tag-mocchi","tag-nasce","tag-new","tag-new-mexico","tag-news","tag-norvegia","tag-notizie","tag-ospedale","tag-paolo","tag-paolo-crepet","tag-prodotto","tag-prodotto-finale","tag-psichiatra","tag-ragazzi","tag-ragazzo","tag-ragionamento","tag-risposta","tag-scritto","tag-scuola","tag-scuola-media","tag-sentenza","tag-sentenza-new","tag-sentenza-new-mexico","tag-social","tag-soluzione","tag-tema","tag-trescore","tag-ultime-notizie","tag-ultime-notizie-e-news-di-oggi","tag-ultime-notizie-italia","tag-ultimenotizie","tag-ultimenotizieenewsdioggi","tag-ultimenotizieitalia","tag-valditara","tag-voto"],"share_on_mastodon":{"url":"","error":"Validation failed: Text character limit of 500 exceeded"},"_links":{"self":[{"href":"https:\/\/www.europesays.com\/it\/wp-json\/wp\/v2\/posts\/420827","targetHints":{"allow":["GET"]}}],"collection":[{"href":"https:\/\/www.europesays.com\/it\/wp-json\/wp\/v2\/posts"}],"about":[{"href":"https:\/\/www.europesays.com\/it\/wp-json\/wp\/v2\/types\/post"}],"author":[{"embeddable":true,"href":"https:\/\/www.europesays.com\/it\/wp-json\/wp\/v2\/users\/3"}],"replies":[{"embeddable":true,"href":"https:\/\/www.europesays.com\/it\/wp-json\/wp\/v2\/comments?post=420827"}],"version-history":[{"count":0,"href":"https:\/\/www.europesays.com\/it\/wp-json\/wp\/v2\/posts\/420827\/revisions"}],"wp:featuredmedia":[{"embeddable":true,"href":"https:\/\/www.europesays.com\/it\/wp-json\/wp\/v2\/media\/420828"}],"wp:attachment":[{"href":"https:\/\/www.europesays.com\/it\/wp-json\/wp\/v2\/media?parent=420827"}],"wp:term":[{"taxonomy":"category","embeddable":true,"href":"https:\/\/www.europesays.com\/it\/wp-json\/wp\/v2\/categories?post=420827"},{"taxonomy":"post_tag","embeddable":true,"href":"https:\/\/www.europesays.com\/it\/wp-json\/wp\/v2\/tags?post=420827"}],"curies":[{"name":"wp","href":"https:\/\/api.w.org\/{rel}","templated":true}]}}