{"id":420837,"date":"2026-03-31T05:02:20","date_gmt":"2026-03-31T05:02:20","guid":{"rendered":"https:\/\/www.europesays.com\/it\/420837\/"},"modified":"2026-03-31T05:02:20","modified_gmt":"2026-03-31T05:02:20","slug":"musmarra-oaktree-spendera-colpo-in-entrata-ce-un-nome-che","status":"publish","type":"post","link":"https:\/\/www.europesays.com\/it\/420837\/","title":{"rendered":"Musmarra: &#8220;Oaktree spender\u00e0. Colpo in entrata? C&#8217;\u00e8 un nome che&#8230;&#8221;"},"content":{"rendered":"<p>L&#8217;Inter potrebbe spendere non poco per rinforzarsi in vista della prossima stagione. Ne ha parlato su YouTube Alfio Musmarra<\/p>\n<p>Oaktree potrebbe dare il via libera a un&#8217;estate di mercato molto pi\u00f9 attiva rispetto alla precedente. L&#8217;Inter, infatti, potrebbe spendere non poco per rinforzarsi in vista della prossima stagione. Ne ha parlato su YouTube Alfio Musmarra:<\/p>\n<p>&#8220;Da quello che so, ci sar\u00e0 budget da parte della propriet\u00e0, che si \u00e8 resa conto di aver sbagliato a mettere il paletto sui calciatori Under 23. Il nome in entrata? Per me Gila \u00e8 un giocatore straordinario, si \u00e8 tornati a parlare di lui in ottica Inter, quando tutti lo davano gi\u00e0 dall&#8217;altra parte del Naviglio e io in questo senso avevo avuto indicazioni chiare. Sono rimasto sorpreso&#8221;. <\/p>\n<p>&#8220;Se fosse reale un rallentamento tra Gila e il Milan, anche a causa di una frattura con Tare, troverei doveroso inserirsi&#8221;.<\/p>\n<p class=\"is-copyright\">\u00a9 RIPRODUZIONE RISERVATA<\/p>\n","protected":false},"excerpt":{"rendered":"L&#8217;Inter potrebbe spendere non poco per rinforzarsi in vista della prossima stagione. Ne ha parlato su YouTube Alfio&hellip;\n","protected":false},"author":3,"featured_media":420838,"comment_status":"","ping_status":"","sticky":false,"template":"","format":"standard","meta":{"footnotes":"","_share_on_mastodon":"0"},"categories":[1452],"tags":[61394,61395,721,4974,1740,3028,350,239057,239058,1537,90,89,553,61393,1739,245,244],"class_list":["post-420837","post","type-post","status-publish","format-standard","has-post-thumbnail","category-calcio","tag-alfio","tag-alfio-musmarra","tag-calcio","tag-entrata","tag-football","tag-gila","tag-inter","tag-inter-spendere","tag-inter-spendere-rinforzarsi","tag-it","tag-italia","tag-italy","tag-milan","tag-musmarra","tag-soccer","tag-sport","tag-sports"],"share_on_mastodon":{"url":"https:\/\/pubeurope.com\/@it\/116322038459011267","error":""},"_links":{"self":[{"href":"https:\/\/www.europesays.com\/it\/wp-json\/wp\/v2\/posts\/420837","targetHints":{"allow":["GET"]}}],"collection":[{"href":"https:\/\/www.europesays.com\/it\/wp-json\/wp\/v2\/posts"}],"about":[{"href":"https:\/\/www.europesays.com\/it\/wp-json\/wp\/v2\/types\/post"}],"author":[{"embeddable":true,"href":"https:\/\/www.europesays.com\/it\/wp-json\/wp\/v2\/users\/3"}],"replies":[{"embeddable":true,"href":"https:\/\/www.europesays.com\/it\/wp-json\/wp\/v2\/comments?post=420837"}],"version-history":[{"count":0,"href":"https:\/\/www.europesays.com\/it\/wp-json\/wp\/v2\/posts\/420837\/revisions"}],"wp:featuredmedia":[{"embeddable":true,"href":"https:\/\/www.europesays.com\/it\/wp-json\/wp\/v2\/media\/420838"}],"wp:attachment":[{"href":"https:\/\/www.europesays.com\/it\/wp-json\/wp\/v2\/media?parent=420837"}],"wp:term":[{"taxonomy":"category","embeddable":true,"href":"https:\/\/www.europesays.com\/it\/wp-json\/wp\/v2\/categories?post=420837"},{"taxonomy":"post_tag","embeddable":true,"href":"https:\/\/www.europesays.com\/it\/wp-json\/wp\/v2\/tags?post=420837"}],"curies":[{"name":"wp","href":"https:\/\/api.w.org\/{rel}","templated":true}]}}