{"id":421028,"date":"2026-03-31T07:53:13","date_gmt":"2026-03-31T07:53:13","guid":{"rendered":"https:\/\/www.europesays.com\/it\/421028\/"},"modified":"2026-03-31T07:53:13","modified_gmt":"2026-03-31T07:53:13","slug":"cristiana-capotondi-e-andrea-pezzi-perche-si-parla-di-ritorno-di-fiamma-dopo-5-anni","status":"publish","type":"post","link":"https:\/\/www.europesays.com\/it\/421028\/","title":{"rendered":"Cristiana Capotondi e Andrea Pezzi, perch\u00e9 si parla di ritorno di fiamma dopo 5 anni"},"content":{"rendered":"<p><strong>Cristiana Capotondi<\/strong> e <strong>Andrea Pezzi<\/strong> hanno avuto una lunga storia d\u2019amore. L\u2019imprenditore ed ex conduttore \u00e8 rimasto al suo fianco dopo la nascita della figlia Anna; stando alle ultime indiscrezioni, l\u2019ex coppia sarebbe tornata insieme a distanza di 5 anni dalla rottura. Sorpresi mano nella mano durante una passeggiata, si parla di \u201critorno di fiamma\u201d.<\/p>\n<p>Cristiana Capotondi e Andrea Pezzi, il presunto ritorno di fiamma<\/p>\n<p>Le foto di <a href=\"https:\/\/dilei.it\/star-e-vip\/cristiana-capotondi\/\" rel=\"nofollow noopener\" target=\"_blank\">Cristiana Capotondi<\/a> e <a href=\"https:\/\/dilei.it\/vip\/andrea-pezzi-chi\/1858428\/\" rel=\"nofollow noopener\" target=\"_blank\">Andrea Pezzi<\/a>, che camminano mano nella mano, hanno dato adito ad alcune indiscrezioni: il settimanale Diva e Donna parla di un <strong>ritorno di fiamma<\/strong> dopo cinque anni dalla fine della loro relazione, avvenuta nel 2021. Cristiana Capotondi \u00e8 anche diventata mamma di Anna, in seguito, nel 2022: Pezzi non \u00e8 il padre biologico della piccola, ma <strong>le \u00e8 rimasto vicino<\/strong>. E dopo anni, l\u2019ex coppia \u00e8 tornata a farsi vedere in pubblico insieme, con gesti che vengono definiti inequivocabili: l\u2019abbraccio, le mani strette.<\/p>\n<p>Quello che \u00e8 certo \u00e8 che <a href=\"https:\/\/dilei.it\/vip\/andrea-pezzi-cristiana-capotondi-fatico-a-parlarne\/1653420\/\" rel=\"nofollow noopener\" target=\"_blank\">Andrea Pezzi e Cristiana Capotondi<\/a> hanno sempre avuto un <strong>legame unico<\/strong>, d\u2019affetto: alle spalle, del resto, hanno 15 anni di relazione. Dal 2007 al 2021, hanno condiviso la strada insieme: in tutti questi anni, la costanza \u00e8 sempre stata la riservatezza. All\u2019epoca della rottura non hanno rivelato i motivi dell\u2019addio, n\u00e9 hanno mai commentato eventuali \u201cgossip\u201d. Solo con una dichiarazione all\u2019Ansa, la Capotondi aveva voluto fare chiarezza riguardo alla nascita della figlia Anna, venuta al mondo il 16 settembre 2022.<\/p>\n<p>\u201cLa <strong>nascita di mia figlia<\/strong> \u00e8 una gioia immensa che oggi sono felice di condividere. Quando ho scoperto di aspettare un figlio da un\u2019altra persona, la mia lunga relazione di 15 anni con Andrea Pezzi <strong>si era interrotta gi\u00e0 da diversi mesi<\/strong>. Mi \u00e8 venuto naturale cercare la <strong>protezione<\/strong> e la <strong>complicit\u00e0<\/strong> di Andrea, tanto rimane forte il <strong>nostro affetto e il nostro legame<\/strong>. Grazie ad Andrea per averci accompagnate per mano fino a qui. Te ne saremo per sempre grate. Ringrazio anche tutti coloro che, pur sapendo, hanno rispettato la nostra privacy e coloro che, da oggi, sceglieranno di farlo\u201d.<\/p>\n<p>Un legame forte anche dopo la rottura<\/p>\n<p>Dopo la dichiarazione all\u2019Ansa della Capotondi, all\u2019epoca era arrivata anche quella di Andrea Pezzi, che confermava la fine della storia d\u2019amore <strong>nell\u2019estate del 2021<\/strong>. \u201cAbbiamo deciso di separarci senza tuttavia comunicarlo per prenderci tutto il tempo per riorganizzare con calma le nostre vite\u201d. In un\u2019intervista a Repubblica del 2025, Pezzi aveva spiegato di essere rimasto in contatto con la Capotondi, tra le donne pi\u00f9 importanti della sua vita.<\/p>\n<p>\u201cCon Cristiana<strong> ci sentiamo ogni tanto<\/strong>, lei ha il potere della dolcezza, \u00e8 una persona speciale di cui <strong>fatico a parlare<\/strong>. L\u2019esperienza con lei mi ha fatto riflettere molto\u201d. Sempre l\u2019anno scorso ha ammesso di non avere una relazione stabile e di aver vissuto \u201ctre anni di sospensione\u201d. A cinque anni di distanza dalla fine, l\u2019amore potrebbe quindi essere tornato? O forse quel legame di affetto che hanno costruito in 15 anni insieme non se n\u2019\u00e8 semplicemente mai andato? Data la riservatezza di entrambi, forse non rilasceranno commenti sulle indiscrezioni; la privacy viene prima di tutto, e cos\u00ec il loro lungo legame.<\/p>\n<p>\t\t\t\tScopri i personaggi in trend, le storie del momento e molto altro.<br \/>Dove? Sul <a href=\"https:\/\/whatsapp.com\/channel\/0029Vb68mVyHVvTWezDm7d0R\" target=\"_blank\" rel=\"noopener nofollow\">canale WhatsApp di DiLei!<\/a><\/p>\n<p>\t\t\t<a class=\"buttonCall\" href=\"https:\/\/whatsapp.com\/channel\/0029Vb68mVyHVvTWezDm7d0R\" target=\"_blank\" rel=\"noopener nofollow\" title=\"Seguici su WhatsApp\"><br \/>\n\t\t\t\tSeguici su WhatsApp<br \/>\n\t\t\t<\/a><\/p>\n","protected":false},"excerpt":{"rendered":"Cristiana Capotondi e Andrea Pezzi hanno avuto una lunga storia d\u2019amore. L\u2019imprenditore ed ex conduttore \u00e8 rimasto al&hellip;\n","protected":false},"author":3,"featured_media":421029,"comment_status":"","ping_status":"","sticky":false,"template":"","format":"standard","meta":{"footnotes":"","_share_on_mastodon":"0"},"categories":[174],"tags":[87,41631,40786,203,204,1537,90,89,86],"class_list":["post-421028","post","type-post","status-publish","format-standard","has-post-thumbnail","category-intrattenimento","tag-amore","tag-andrea-pezzi","tag-cristiana-capotondi","tag-entertainment","tag-intrattenimento","tag-it","tag-italia","tag-italy","tag-vip"],"share_on_mastodon":{"url":"https:\/\/pubeurope.com\/@it\/116322710661116539","error":""},"_links":{"self":[{"href":"https:\/\/www.europesays.com\/it\/wp-json\/wp\/v2\/posts\/421028","targetHints":{"allow":["GET"]}}],"collection":[{"href":"https:\/\/www.europesays.com\/it\/wp-json\/wp\/v2\/posts"}],"about":[{"href":"https:\/\/www.europesays.com\/it\/wp-json\/wp\/v2\/types\/post"}],"author":[{"embeddable":true,"href":"https:\/\/www.europesays.com\/it\/wp-json\/wp\/v2\/users\/3"}],"replies":[{"embeddable":true,"href":"https:\/\/www.europesays.com\/it\/wp-json\/wp\/v2\/comments?post=421028"}],"version-history":[{"count":0,"href":"https:\/\/www.europesays.com\/it\/wp-json\/wp\/v2\/posts\/421028\/revisions"}],"wp:featuredmedia":[{"embeddable":true,"href":"https:\/\/www.europesays.com\/it\/wp-json\/wp\/v2\/media\/421029"}],"wp:attachment":[{"href":"https:\/\/www.europesays.com\/it\/wp-json\/wp\/v2\/media?parent=421028"}],"wp:term":[{"taxonomy":"category","embeddable":true,"href":"https:\/\/www.europesays.com\/it\/wp-json\/wp\/v2\/categories?post=421028"},{"taxonomy":"post_tag","embeddable":true,"href":"https:\/\/www.europesays.com\/it\/wp-json\/wp\/v2\/tags?post=421028"}],"curies":[{"name":"wp","href":"https:\/\/api.w.org\/{rel}","templated":true}]}}