{"id":421147,"date":"2026-03-31T09:32:16","date_gmt":"2026-03-31T09:32:16","guid":{"rendered":"https:\/\/www.europesays.com\/it\/421147\/"},"modified":"2026-03-31T09:32:16","modified_gmt":"2026-03-31T09:32:16","slug":"bosnia-italia-una-spia-allallenamento-cose-successo","status":"publish","type":"post","link":"https:\/\/www.europesays.com\/it\/421147\/","title":{"rendered":"Bosnia-Italia, una spia all&#8217;allenamento? Cos&#8217;\u00e8 successo"},"content":{"rendered":"<p>                                Un militare italiano \u00e8 stato sorpreso a filmare la seduta della vigilia di Dzeko e compagni: dopo l&#8217;identificazione \u00e8 scoppiato il caso, ma l&#8217;intruso ha agito per interesse personale, senza alcun mandato da parte della federazione<\/p>\n<p>            <a class=\"image is-50x50\" href=\"https:\/\/www.gazzetta.it\/redazione\/carlo-tagliagambe\/\" rel=\"nofollow noopener\" target=\"_blank\"><br \/>\n                <img decoding=\"async\" class=\"is-rounded\" src=\"https:\/\/www.europesays.com\/it\/wp-content\/uploads\/2025\/11\/carlo_tagliagambe_avatar.png\" alt=\"Carlo Tagliagambe\"\/><br \/>\n            <\/a><\/p>\n<p>Giornalista<\/p>\n<p>                    31 marzo 2026 (modifica alle 10:51)  &#8211; MILANO<\/p>\n<p class=\"paragraph\" spellcheck=\"true\">La posta in palio \u00e8 altissima e, inevitabilmente, veleni, sospetti e polemiche accompagneranno questo Bosnia-Italia fino al fischio d&#8217;inizio. E (probabilmente), anche dopo quello finale. <a href=\"https:\/\/www.gazzetta.it\/Calcio\/Mondiali\/27-03-2026\/bosnia-rabbia-dopo-l-esultanza-degli-azzurri-che-arroganza.shtml?intcmp=hyperlink-articolo-gazit\" title=\"&quot;Guardate che arroganza, ne terremo conto&quot;. La rabbia della Bosnia dopo l&#039;esultanza degli azzurri\" target=\"_blank\" rel=\"nofollow noopener\">Dall&#8217;esultanza dei calciatori italiani in poi<\/a>, il clima in vista della finale playoff per un posto al Mondiale si \u00e8 improvvisamente avvelenato in un climax ascendente di provocazioni, <a href=\"https:\/\/video.gazzetta.it\/bosnia-italia-dzeko-cosa-manca-all-italia-i-giocatori-di-una-volta-erano-un-altra-cosa\/cdb4f3ce-f080-43d7-8326-958b23fd5xlk\" title=\"Bosnia-Italia, Dzeko: &quot;Cosa manca all&#039;Italia? I giocatori di una volta erano un&#039;altra cosa&quot;\" target=\"_blank\" rel=\"nofollow noopener\">dichiarazioni al limite del politcally correct<\/a> e sospetti reciproci tra tifosi e media. E, va ricordato, la federcalcio della Bosnia aveva gi\u00e0 giocato su questo terreno la semifinale col Galles, accusando l&#8217;allenatore (gallese) della squadra di club di Tahirovic (il Brondby) di <a href=\"https:\/\/www.gazzetta.it\/Calcio\/Mondiali\/24-03-2026\/galles-bosnia-scoppia-il-caso-tahirovic-tra-le-possibili-avversarie-dell-italia.shtml?intcmp=hyperlink-articolo-gazit\" title=\"Galles-Bosnia, accuse e veleni: &quot;Ci state boicottando&quot;. Il motivo? L&#039;ex romanista Tahirovic\" target=\"_blank\" rel=\"nofollow noopener\">boicottare lo stato di forma<\/a> del prossimo avversario ai playoff. Ora ecco un nuovo caso, deflagrato proprio a poche ore dal match di Zenica. Questa volta la Bosnia accusa direttamente l&#8217;Italia: &#8220;Hanno mandato una spia a filmare i nostri allenamenti&#8221;. Ma davvero? No, non proprio. Anche se qualcosa di strano \u00e8 effettivamente successo.\u00a0<\/p>\n<p><a class=\"is-partner-link\" href=\"https:\/\/abbonamenti.gazzetta.it\/calciatori-panini-2025\/?pwcmp_promo_panini_cta&amp;forceBrowser=true\" rel=\"nofollow noopener\" target=\"_blank\">Gazzetta digital + Box Panini + Album a soli 80\u20ac, il modo pi\u00f9 veloce e conveniente per completare la collezione!<\/a><\/p>\n<p>        una spia all&#8217;allenamento\u2014 \u00a0<\/p>\n<p class=\"paragraph\" spellcheck=\"true\">Ieri, durante l&#8217;allenamento della vigilia, la security della Bosnia ha sorpreso un intruso in mimetica impegnato a filmare la sessione ben oltre i 15&#8242; aperti al pubblico. Dopo averlo fermato e identificato, ecco la verit\u00e0: si trattava di un soldato italiano di stanza in Bosnia per conto della missione coordinata dall&#8217;Unione Europea (Eufor) nei Balcani. Apriti cielo. Subito i media bosniaci hanno puntato il dito contro la federazione italiana: &#8220;\u00c8 una spia inviata per studiare i nostri schemi&#8221;. Peccato che la nostra nazionale non ne sapesse nulla: l&#8217;intruso era s\u00ec di passaporto italiano, ma &#8211; dopo approfonditi controlli &#8211; si \u00e8 poi scoperto che si trovava casualmente a\u00a0Butmir (Sarajevo) e, incuriosito dagli allenamenti, li avrebbe filmati solo per ricordo e interesse personale. La Bosnia ha comunque inviato una nota di protesta all&#8217;Eufor che, per\u00f2, avrebbe confermato l&#8217;estraneit\u00e0 della Federcalcio nella vicenda.<\/p>\n<p class=\"is-copyright\">\u00a9 RIPRODUZIONE RISERVATA<\/p>\n","protected":false},"excerpt":{"rendered":"Un militare italiano \u00e8 stato sorpreso a filmare la seduta della vigilia di Dzeko e compagni: dopo l&#8217;identificazione&hellip;\n","protected":false},"author":3,"featured_media":421148,"comment_status":"","ping_status":"","sticky":false,"template":"","format":"standard","meta":{"footnotes":"","_share_on_mastodon":"0"},"categories":[1452],"tags":[506,6211,1548,59559,239242,721,239243,5260,36451,19572,1426,1740,5292,239244,44478,4552,1537,90,1599,89,328,793,858,12040,1739,54484,21215,245,244],"class_list":["post-421147","post","type-post","status-publish","format-standard","has-post-thumbnail","category-calcio","tag-accusa","tag-allenamenti","tag-allenamento","tag-bosnia","tag-bosnia-accusa","tag-calcio","tag-eufor","tag-federazione","tag-federcalcio","tag-filmare","tag-finale","tag-football","tag-interesse","tag-interesse-personale","tag-intruso","tag-inviato","tag-it","tag-italia","tag-italiano","tag-italy","tag-mandato","tag-media","tag-personale","tag-playoff","tag-soccer","tag-sorpreso","tag-spia","tag-sport","tag-sports"],"share_on_mastodon":{"url":"https:\/\/pubeurope.com\/@it\/116323100196347551","error":""},"_links":{"self":[{"href":"https:\/\/www.europesays.com\/it\/wp-json\/wp\/v2\/posts\/421147","targetHints":{"allow":["GET"]}}],"collection":[{"href":"https:\/\/www.europesays.com\/it\/wp-json\/wp\/v2\/posts"}],"about":[{"href":"https:\/\/www.europesays.com\/it\/wp-json\/wp\/v2\/types\/post"}],"author":[{"embeddable":true,"href":"https:\/\/www.europesays.com\/it\/wp-json\/wp\/v2\/users\/3"}],"replies":[{"embeddable":true,"href":"https:\/\/www.europesays.com\/it\/wp-json\/wp\/v2\/comments?post=421147"}],"version-history":[{"count":0,"href":"https:\/\/www.europesays.com\/it\/wp-json\/wp\/v2\/posts\/421147\/revisions"}],"wp:featuredmedia":[{"embeddable":true,"href":"https:\/\/www.europesays.com\/it\/wp-json\/wp\/v2\/media\/421148"}],"wp:attachment":[{"href":"https:\/\/www.europesays.com\/it\/wp-json\/wp\/v2\/media?parent=421147"}],"wp:term":[{"taxonomy":"category","embeddable":true,"href":"https:\/\/www.europesays.com\/it\/wp-json\/wp\/v2\/categories?post=421147"},{"taxonomy":"post_tag","embeddable":true,"href":"https:\/\/www.europesays.com\/it\/wp-json\/wp\/v2\/tags?post=421147"}],"curies":[{"name":"wp","href":"https:\/\/api.w.org\/{rel}","templated":true}]}}