{"id":422069,"date":"2026-03-31T23:01:15","date_gmt":"2026-03-31T23:01:15","guid":{"rendered":"https:\/\/www.europesays.com\/it\/422069\/"},"modified":"2026-03-31T23:01:15","modified_gmt":"2026-03-31T23:01:15","slug":"cofidis-quagliotto-e-debeaumarche-estendono-i-propri-contratti","status":"publish","type":"post","link":"https:\/\/www.europesays.com\/it\/422069\/","title":{"rendered":"COFIDIS, QUAGLIOTTO E DEBEAUMARCH\u00c9 ESTENDONO I PROPRI CONTRATTI"},"content":{"rendered":"<p class=\"MsoNormal\" style=\"text-align: justify;\">La <b>Cofidis<\/b> si porta avanti nella definizione dei propri roster maschili e femminili per le prossime stagioni e con largo anticipo ha comunicato che sia <b>Nadia Quagliotto<\/b> che <b>Nicolas Debeaumarch\u00e9<\/b> difenderanno i colori giallorossi anche nel 2027 e (nel caso del ventottenne di M\u00e2con) nel 2028.\n            <\/p>\n<p class=\"MsoNormal\" style=\"text-align: justify;\">Approdati alla corte di <b>Rapha\u00ebl Jeune<\/b> uno nel 2024 e l\u2019altra nel 2025, entrambi in questi anni si sono ritagliati un ruolo fondamentale all\u2019interno dei due organici spiccando sia per presenza in corsa che per qualit\u00e0 umane gi\u00f9 dalla bici, motivi questi che hanno spinto il management della compagine transalpina a tenerseli stretti per il pi\u00f9 prossimo futuro.<\/p>\n<p class=\"MsoNormal\" style=\"text-align: justify;\">\u201c\u00c8 un vero piacere annunciare il rinnovo dei contratti di Nadia e Nicolas con cos\u00ec largo anticipo\u201d ha dichiarato il General Manager della Cofidis attraverso i canali ufficiali del team. \u201c<b>Nadia \u00e8 un membro chiave della squadra femminile <\/b>in cui svolge un ruolo cruciale perch\u00e9 corre con grande precisione e impegno. Lontano dalle gare, poi <b>\u00e8 una persona molto allegra che fa sempre sorridere tutti<\/b>. Per quanto riguarda Nicolas, \u00e8 un pilastro del team maschile, un <b>instancabile lavoratore dietro le quinte<\/b>, essenziale per il gruppo. In ogni gara d\u00e0 il 100%, mettendo sempre la sua esperienza e la sua conoscenza al servizio della squadra. I loro rinnovi contrattuali sono un buon segno per tutta la squadra: contribuiranno a dare ancora pi\u00f9 fiducia a tutti i nostri corridori.\u201d<\/p>\n<p class=\"MsoNormal\" style=\"text-align: justify;\">Per Quagliotto, ancora a quota zero vittorie da professionista ma quest\u2019anno capace di chiudere la <b>Setmana de la Comunitat Valenciana<\/b> non facendo mai peggio di quindicesima, diventeranno tre (con la prossima) le stagioni vissute nella squadra francese, rappresentativa questa dove le sue doti sono state col tempo sempre pi\u00f9 apprezzate.<\/p>\n<p class=\"MsoNormal\" style=\"text-align: justify;\">\u201cSono felicissima di questo rinnovo perch\u00e9 dimostra che <b>la squadra ha fiducia in me<\/b>. Mi sento fortunata nel \u00a0poter contribuire alla crescita di questa giovane squadra che prende una sua forma anno dopo anno\u201d ha affermato la ventinovenne di Montebelluna. \u201cQuello che mi piace qui \u00e8 che posso supportare le mie compagne e, al contempo, avere la possibilit\u00e0 di giocarmi le mie carte. L\u2019anno scorso ho ottenuto dei buoni risultati e so che questo mi ha aiutata ad assicurarmi questo doppio ruolo in squadra. Abbiamo un gruppo davvero fantastico e qui mi sento davvero a casa. <b>Siamo come una famiglia e questo ci aiuta sicuramente a dare il meglio<\/b><b>.<\/b>\u201d\u00a0 <\/p>\n<p class=\"MsoNormal\" style=\"text-align: justify;\">Parlando di gruppo, ma al maschile, dopo la grave caduta al <b>Giro di Polonia 2024<\/b> (dove si \u00e8 fratturato ben sette vertebre) Debeaumarch\u00e9 ha saputo, con dedizione e passione per il mestiere, ergersi a fondamentale uomo squadra esercitando in maniera mirabile la nobile arte del gregariato.<\/p>\n<p class=\"MsoNormal\" style=\"text-align: justify;\">\u201cHo provato un senso di grande soddisfazione quando ho saputo che avrei rinnovato il contratto. Dimostra che la squadra apprezza il mio ruolo e ci\u00f2 che riesco a dare durante le corse\u201d ha spiegato il vincitore di una tappa al <b>Tour du Loir et Cher 2019<\/b>.<\/p>\n<p class=\"MsoNormal\" style=\"text-align: justify;\">\u201cIl fatto che il prolungamento avvenga cos\u00ec presto nella stagione \u00e8 un chiaro segnale di ci\u00f2 che ci attende e mi permette di chiudere un capitolo, un periodo che \u00e8 stato molto stressante per me dopo l\u2019incidente. Mi piace veramente il ruolo che oggi ho in squadra: sono sia un gregario che, sempre pi\u00f9, anche capitano in corsa, un ruolo acquisito grazie alla mia esperienza che esercito, al fianco dei miei compagni, non solo in sella, ma anche lontano dalle gare. Vorrei ringraziare di cuore lo staff e Rapha\u00ebl per avermi dato l\u2019opportunit\u00e0 di continuare insieme questa meravigliosa avventura\u201d ha chiosato felice il classe \u201998 dopo aver apposto la firma su un\u2019estensione che lo porter\u00e0 a vestire la maglia della Cofidis fino al 2028.<\/p>\n","protected":false},"excerpt":{"rendered":"La Cofidis si porta avanti nella definizione dei propri roster maschili e femminili per le prossime stagioni e&hellip;\n","protected":false},"author":3,"featured_media":422070,"comment_status":"","ping_status":"","sticky":false,"template":"","format":"standard","meta":{"footnotes":"","_share_on_mastodon":"0"},"categories":[1456],"tags":[1824,21028,1825,239633,1537,90,89,239632,245,244],"class_list":["post-422069","post","type-post","status-publish","format-standard","has-post-thumbnail","category-ciclismo","tag-ciclismo","tag-cofidis","tag-cycling","tag-debeaumarche","tag-it","tag-italia","tag-italy","tag-quagliotto","tag-sport","tag-sports"],"share_on_mastodon":{"url":"https:\/\/pubeurope.com\/@it\/116326281075704737","error":""},"_links":{"self":[{"href":"https:\/\/www.europesays.com\/it\/wp-json\/wp\/v2\/posts\/422069","targetHints":{"allow":["GET"]}}],"collection":[{"href":"https:\/\/www.europesays.com\/it\/wp-json\/wp\/v2\/posts"}],"about":[{"href":"https:\/\/www.europesays.com\/it\/wp-json\/wp\/v2\/types\/post"}],"author":[{"embeddable":true,"href":"https:\/\/www.europesays.com\/it\/wp-json\/wp\/v2\/users\/3"}],"replies":[{"embeddable":true,"href":"https:\/\/www.europesays.com\/it\/wp-json\/wp\/v2\/comments?post=422069"}],"version-history":[{"count":0,"href":"https:\/\/www.europesays.com\/it\/wp-json\/wp\/v2\/posts\/422069\/revisions"}],"wp:featuredmedia":[{"embeddable":true,"href":"https:\/\/www.europesays.com\/it\/wp-json\/wp\/v2\/media\/422070"}],"wp:attachment":[{"href":"https:\/\/www.europesays.com\/it\/wp-json\/wp\/v2\/media?parent=422069"}],"wp:term":[{"taxonomy":"category","embeddable":true,"href":"https:\/\/www.europesays.com\/it\/wp-json\/wp\/v2\/categories?post=422069"},{"taxonomy":"post_tag","embeddable":true,"href":"https:\/\/www.europesays.com\/it\/wp-json\/wp\/v2\/tags?post=422069"}],"curies":[{"name":"wp","href":"https:\/\/api.w.org\/{rel}","templated":true}]}}