{"id":422530,"date":"2026-04-01T06:57:14","date_gmt":"2026-04-01T06:57:14","guid":{"rendered":"https:\/\/www.europesays.com\/it\/422530\/"},"modified":"2026-04-01T06:57:14","modified_gmt":"2026-04-01T06:57:14","slug":"pescara-i-due-ottantenni-sfrattati-dal-lido-preferiscono-i-giovani-spendono-di-piu-al-bar","status":"publish","type":"post","link":"https:\/\/www.europesays.com\/it\/422530\/","title":{"rendered":"Pescara, i due ottantenni sfrattati dal lido: \u00abPreferiscono i giovani: spendono di pi\u00f9 al bar\u00bb"},"content":{"rendered":"<p>    di<br \/>\n    Alfio Sciacca<\/p>\n<p class=\"summary-art is-line-h-12\">La coppia andava in prima fila da 46 anni nello stesso stabilimento balneare<\/p>\n<p class=\"chapter-paragraph\"><b>\u00abStiamo riorganizzando i nostri spazi<\/b> e non possiamo confermare la vostra assegnazione&#8230; vi auguriamo il meglio per la prossima stagione\u00bb. Il benservito gli \u00e8 arrivato su WhatsApp.   \u00c8 stata come una pugnalata. Nulla che avessero messo in conto, perch\u00e9 in quello <b>stabilimento balneare di Pescara<\/b> si consideravano  di casa. Ci andavano tutte le estati, da <b>46 anni<\/b>. Una fedelt\u00e0 che nel tempo \u00e8 stata premiata con sconti e poi con l\u2019<b>assegnazione dell\u2019ombrellone (che qui \u00e8 una palma) in prima fila<\/b>. Tutto dimenticato. Da quest\u2019anno per loro non c\u2019\u00e8 pi\u00f9 posto. Motivo? Sono troppo anziani per i  proprietari che, due anni fa, hanno rilevato la gestione dello <b>storico lido \u00abCroce del Sud\u00bb<\/b>.<\/p>\n<p class=\"chapter-paragraph\"><b>Luigi Gabriele, ex segretario comunale, e la moglie Rosaria hanno  86 e 82 anni.<\/b> Ma non avrebbero mai immaginato per questo di  essere considerati un peso in quel lido dove  hanno coltivato amicizie e vissuto momenti spensierati con figli e nipoti. Che il motivo sia legato all\u2019et\u00e0 lo ha spiegato il titolare dello stabilimento a Il Centro, che ha sollevato il caso. \u00abStiamo portando avanti un percorso di evoluzione della struttura \u2014 dice  Giampiero Galletta \u2014. Pi\u00f9 che una questione anagrafica \u00e8 una questione di approccio. <a href=\"https:\/\/www.corriere.it\/economia\/life\/moda\/25_agosto_31\/spiagge-branded-perche-i-lidi-griffati-dall-asciugamano-alle-tazze-sono-stati-il-trend-dell-estate-5c0bbc9e-1e28-479c-89ad-28482059dxlk.shtml\" rel=\"nofollow noopener\" target=\"_blank\">Stiamo orientando la struttura verso una clientela pi\u00f9 dinamica,<\/a> che viva lo stabilimento in modo completo, seguendo modelli di fruizione diversi rispetto al passato\u00bb.    &#13;<br \/>\n&#13;<br \/>\n&#13;<br \/>\n&#13;<br \/>\n&#13;<br \/>\n&#13;<br \/>\n&#13;<br \/>\n&#13;<br \/>\n&#13;<br \/>\n&#13;<br \/>\n&#13;<br \/>\n&#13;<br \/>\n&#13;<br \/>\n&#13;<br \/>\n&#13;<br \/>\n&#13;<br \/>\n&#13;<br \/>\n&#13;<br \/>\n&#13;<br \/>\n&#13;<br \/>\n&#13;<br \/>\n&#13;<br \/>\n&#13;<br \/>\n&#13;<br \/>\n&#13;<br \/>\n&#13;<br \/>\n&#13;<br \/>\n&#13;<br \/>\n&#13;<br \/>\n&#13;<br \/>\n&#13;<br \/>\n&#13;<br \/>\n&#13;<br \/>\n&#13;<br \/>\n&#13;<br \/>\n&#13;<br \/>\n&#13;<br \/>\n&#13;<br \/>\n&#13;<br \/>\n&#13;<br \/>\n&#13;<br \/>\n&#13;<br \/>\n&#13;<br \/>\n&#13;<br \/>\n&#13;<br \/>\n&#13;<br \/>\n&#13;<br \/>\n&#13;<br \/>\n&#13;<br \/>\n&#13;<br \/>\n&#13;<br \/>\n&#13;<br \/>\n&#13;\n<\/p>\n<p class=\"chapter-paragraph\"><b>In altre parole i due anziani consumano poco<\/b>. \u00abQuando siamo andati a chiedere spiegazioni ce l\u2019hanno detto chiaramente\u00bb, dice Luigi Gabriele, \u00abpreferiscono i giovani che spendono al bar e al ristorante. Eppure la  palma costa 4 mila euro e noi abbiamo sempre pagato in anticipo\u00bb. Il signor Luigi e la moglie erano talmente legati a  quello stabilimento, dove andavano tutte le mattine in scooter, che avrebbero accettato qualunque sistemazione. \u00abDopo    ci  hanno detto che <b>forse c\u2019era   una terza fila,<\/b> ma prima dovevano aspettare la risposta di un altro cliente\u00bb, spiegano al Corriere. \u00abMa poi non ci hanno fatto sapere nulla. Abbiamo continuato a chiamare, e  alla fine  ci hanno detto chiaramente che per noi non era disponibile alcuna palma in tutto lo stabilimento\u00bb. \u00abTutto ci\u00f2  \u2014 aggiunge la figlia, Alessandra \u2014  ha lasciato mio padre  nauseato. Si \u00e8 sentito maltrattato e umiliato\u00bb.<\/p>\n<p class=\"chapter-paragraph\"><b>Ma una storia del genere<\/b>  non poteva non creare un putiferio. E infatti i social si sono scatenati e  sono fioccate  le reazioni di politici e associazioni dei consumatori. Persino il segretario regionale dei balneatori, Riccardo Padovano,  ammette che il gestore \u00abha peccato un po\u2019 di ingenuit\u00e0. Potevano recuperare, perch\u00e9 il cliente ha sempre ragione\u00bb.<\/p>\n<p class=\"chapter-paragraph\"><b>Anche su spinta del resto dei balneari<\/b>, preoccupati per il  danno d\u2019immagine, ad una settimana dai fatti \u00e8 cos\u00ec arrivata la marcia indietro dei gestori. \u00abNon c\u2019\u00e8 stata alcuna discriminazione\u00bb, hanno scritto. \u00abAbbiamo contattato i signori per comunicargli la disponibilit\u00e0 di una quarta fila, ma loro non hanno  accettato\u00bb.  \u00ab\u00c8 stata una pezza peggiore del buco  \u2014 replica  Luigi Gabriele \u2014. Avremmo accettato qualunque sistemazione, ma <b>non possiamo essere  trattati in questo modo<\/b>. Non li voglio pi\u00f9 vedere\u00bb.  E ora al  mare dove andranno? \u00abCerto non ci rinunceranno \u2014 assicura  la figlia Alessandra \u2014, troveranno un altro stabilimento. L\u2019unica cosa che gli ho chiesto \u00e8 di promettermi che da quest\u2019anno lasceranno a casa il motorino\u00bb.<\/p>\n<p class=\"is-last-update\" datetime=\"2026-04-01T07:58:37+02:00\">1 aprile 2026<\/p>\n<p class=\"is-copyright\">\n            \u00a9 RIPRODUZIONE RISERVATA\n        <\/p>\n","protected":false},"excerpt":{"rendered":"di Alfio Sciacca La coppia andava in prima fila da 46 anni nello stesso stabilimento balneare \u00abStiamo riorganizzando&hellip;\n","protected":false},"author":3,"featured_media":422531,"comment_status":"","ping_status":"","sticky":false,"template":"","format":"standard","meta":{"footnotes":"","_share_on_mastodon":"0"},"categories":[79],"tags":[8398,239907,3383,120784,1536,1022,85719,12384,8751,26105,14,93,94,3384,239908,1820,1482,1598,239909,239910,1537,90,89,12857,10096,129717,1229,10819,7,15,35098,30875,896,18625,239911,239912,860,6366,239913,45058,239914,18438,11,84,91,12,85,92],"class_list":["post-422530","post","type-post","status-publish","format-standard","has-post-thumbnail","category-italia","tag-accettato","tag-accettato-sistemazione","tag-alessandra","tag-andavano","tag-anziani","tag-assegnazione","tag-balneare","tag-bar","tag-chiaramente","tag-cliente","tag-cronaca","tag-cronaca-italiana","tag-cronacaitaliana","tag-figlia","tag-figlia-alessandra","tag-fila","tag-gabriele","tag-giovani","tag-giovani-spendono","tag-giovani-spendono-bar","tag-it","tag-italia","tag-italy","tag-lido","tag-luigi","tag-luigi-gabriele","tag-moglie","tag-motivo","tag-news","tag-notizie","tag-palma","tag-pescara","tag-possiamo","tag-preferiscono","tag-preferiscono-giovani","tag-preferiscono-giovani-spendono","tag-questione","tag-segretario","tag-sistemazione","tag-spendono","tag-spendono-bar","tag-stabilimento","tag-ultime-notizie","tag-ultime-notizie-e-news-di-oggi","tag-ultime-notizie-italia","tag-ultimenotizie","tag-ultimenotizieenewsdioggi","tag-ultimenotizieitalia"],"share_on_mastodon":{"url":"","error":"Validation failed: Text character limit of 500 exceeded"},"_links":{"self":[{"href":"https:\/\/www.europesays.com\/it\/wp-json\/wp\/v2\/posts\/422530","targetHints":{"allow":["GET"]}}],"collection":[{"href":"https:\/\/www.europesays.com\/it\/wp-json\/wp\/v2\/posts"}],"about":[{"href":"https:\/\/www.europesays.com\/it\/wp-json\/wp\/v2\/types\/post"}],"author":[{"embeddable":true,"href":"https:\/\/www.europesays.com\/it\/wp-json\/wp\/v2\/users\/3"}],"replies":[{"embeddable":true,"href":"https:\/\/www.europesays.com\/it\/wp-json\/wp\/v2\/comments?post=422530"}],"version-history":[{"count":0,"href":"https:\/\/www.europesays.com\/it\/wp-json\/wp\/v2\/posts\/422530\/revisions"}],"wp:featuredmedia":[{"embeddable":true,"href":"https:\/\/www.europesays.com\/it\/wp-json\/wp\/v2\/media\/422531"}],"wp:attachment":[{"href":"https:\/\/www.europesays.com\/it\/wp-json\/wp\/v2\/media?parent=422530"}],"wp:term":[{"taxonomy":"category","embeddable":true,"href":"https:\/\/www.europesays.com\/it\/wp-json\/wp\/v2\/categories?post=422530"},{"taxonomy":"post_tag","embeddable":true,"href":"https:\/\/www.europesays.com\/it\/wp-json\/wp\/v2\/tags?post=422530"}],"curies":[{"name":"wp","href":"https:\/\/api.w.org\/{rel}","templated":true}]}}