{"id":422752,"date":"2026-04-01T10:25:20","date_gmt":"2026-04-01T10:25:20","guid":{"rendered":"https:\/\/www.europesays.com\/it\/422752\/"},"modified":"2026-04-01T10:25:20","modified_gmt":"2026-04-01T10:25:20","slug":"un-nuovo-studio-per-le-trasmissioni","status":"publish","type":"post","link":"https:\/\/www.europesays.com\/it\/422752\/","title":{"rendered":"un nuovo studio per le trasmissioni"},"content":{"rendered":"<p>            Articolo \u00bb<\/p>\n<p>\n                    La web radio<br \/>\n                    Domenica 29 marzo \u00e8 stata inaugurata la struttura                <\/p>\n<p>                    <img decoding=\"async\" src=\"https:\/\/www.europesays.com\/it\/wp-content\/uploads\/2026\/04\/r_810x810_25-19-03.jpg\" alt=\"\" class=\"img-responsive\"\/><\/p>\n<p>Taglio del nastro. Domenica pomeriggio nel nuovo studio radio<\/p>\n<p>di a.mo.<\/p>\n<p>Radio in Fiore \u00e8 molto pi\u00f9 di una web radio: \u00e8 un progetto sociale che d\u00e0 spazio e voce a giovani, persone con disabilit\u00e0, ragazzi provenienti da contesti diversi, bambini e membri di comunit\u00e0 locali, che qui possono trasformare idee, progetti, esperienze e storie in vere trasmissioni radiofoniche. Domenica 29 marzo \u00e8 stato inaugurato il nuovo Studio 2, che \u00e8 diventato lo studio principale da cui vanno in onda tutte le trasmissioni.<\/p>\n<p>Al taglio del nastro il sindaco di Casale Emanuele Capra, l\u2019assessore Irene Caruso, la presidente Lions Club Valcerrina Emanuela Pastorelli, il sindaco di Camino Sergio Guttero, la presidente dell\u2019Istituto Soliva Daria Triglio e per Radio in Fiore, Paolo Gabotto, oltre al gruppo di speaker \u201cguidato\u201d da Andrea Zar. Un ringraziamento speciale va al Lions Club Valcerrina, il cui contributo e sostegno ha reso possibile la realizzazione di questo studio.<\/p>\n<p>Il nuovo spazio nasce all\u2019interno dell\u2019Istituto Amici della Musica Carlo Soliva di Casale Monferrato, che fin dagli inizi ospita Radio in Fiore e ne sostiene il percorso. Grazie alla disponibilit\u00e0 dell\u2019istituto, \u00e8 stato possibile ristrutturare un locale dedicato, trasformandolo in uno studio radiofonico moderno e funzionale. A partire da questa settimana, gli speaker inizieranno a trasmettere dal nuovo studio, con entusiasmo e rinnovata energia. Questo passo rappresenta non solo un miglioramento tecnico, ma soprattutto un rafforzamento della missione di Radio in Fiore: continuare a dare voce a chi non ha voce, rafforzando uno spazio inclusivo, creativo e aperto a tutti.<\/p>\n","protected":false},"excerpt":{"rendered":"Articolo \u00bb La web radio Domenica 29 marzo \u00e8 stata inaugurata la struttura Taglio del nastro. Domenica pomeriggio&hellip;\n","protected":false},"author":3,"featured_media":422753,"comment_status":"","ping_status":"","sticky":false,"template":"","format":"standard","meta":{"footnotes":"","_share_on_mastodon":"0"},"categories":[1443],"tags":[13444,13445,203,4820,13443,7889,204,1537,90,89,1538,1539],"class_list":["post-422752","post","type-post","status-publish","format-standard","has-post-thumbnail","category-musica","tag-bisettimanale","tag-casale-monferrato","tag-entertainment","tag-giornale","tag-il-monferrato","tag-informazione","tag-intrattenimento","tag-it","tag-italia","tag-italy","tag-music","tag-musica"],"share_on_mastodon":{"url":"https:\/\/pubeurope.com\/@it\/116328971153089511","error":""},"_links":{"self":[{"href":"https:\/\/www.europesays.com\/it\/wp-json\/wp\/v2\/posts\/422752","targetHints":{"allow":["GET"]}}],"collection":[{"href":"https:\/\/www.europesays.com\/it\/wp-json\/wp\/v2\/posts"}],"about":[{"href":"https:\/\/www.europesays.com\/it\/wp-json\/wp\/v2\/types\/post"}],"author":[{"embeddable":true,"href":"https:\/\/www.europesays.com\/it\/wp-json\/wp\/v2\/users\/3"}],"replies":[{"embeddable":true,"href":"https:\/\/www.europesays.com\/it\/wp-json\/wp\/v2\/comments?post=422752"}],"version-history":[{"count":0,"href":"https:\/\/www.europesays.com\/it\/wp-json\/wp\/v2\/posts\/422752\/revisions"}],"wp:featuredmedia":[{"embeddable":true,"href":"https:\/\/www.europesays.com\/it\/wp-json\/wp\/v2\/media\/422753"}],"wp:attachment":[{"href":"https:\/\/www.europesays.com\/it\/wp-json\/wp\/v2\/media?parent=422752"}],"wp:term":[{"taxonomy":"category","embeddable":true,"href":"https:\/\/www.europesays.com\/it\/wp-json\/wp\/v2\/categories?post=422752"},{"taxonomy":"post_tag","embeddable":true,"href":"https:\/\/www.europesays.com\/it\/wp-json\/wp\/v2\/tags?post=422752"}],"curies":[{"name":"wp","href":"https:\/\/api.w.org\/{rel}","templated":true}]}}