{"id":422901,"date":"2026-04-01T12:31:15","date_gmt":"2026-04-01T12:31:15","guid":{"rendered":"https:\/\/www.europesays.com\/it\/422901\/"},"modified":"2026-04-01T12:31:15","modified_gmt":"2026-04-01T12:31:15","slug":"ciclomercato-2027-gran-movimento-intorno-a-lennert-van-eetvelt-lo-vogliono-tre-squadre-ma-potrebbe-anche-restare-alla-lotto-intermarche","status":"publish","type":"post","link":"https:\/\/www.europesays.com\/it\/422901\/","title":{"rendered":"CicloMercato 2027, gran movimento intorno a Lennert Van Eetvelt: lo vogliono tre squadre, ma potrebbe anche restare alla Lotto-Intermarch\u00e9"},"content":{"rendered":"<p>\t\t\t\t\t<a href=\"https:\/\/cyclingpro.net\/spaziociclismo\/altro\/scopri-lapp-ufficiale-di-spaziociclismo\/\" title=\"\" rel=\"nofollow noopener\" target=\"_blank\"><br \/>\n\t\t\t\t\t\t<img loading=\"lazy\" decoding=\"async\" src=\"https:\/\/www.europesays.com\/it\/wp-content\/uploads\/2025\/09\/1758060682_662_Banner-App-SpazioCiclismo.png\" alt=\"\" width=\"728\" height=\"91\"\/><br \/>\n\t\t\t\t\t<\/a><\/p>\n<p><strong>Lennert Van Eetvelt<\/strong> non sta vivendo il periodo migliore della sua ancor giovane carriera. Il belga, classe 2001, rivelatosi nel 2023 e capace poi di vincere la classifica generale di due gare WorldTour, <a href=\"https:\/\/cyclingpro.net\/spaziociclismo\/worldtour\/uae-tour-2024-il-primo-capolavoro-di-livello-worldtour-di-lennert-van-eetvelt-il-vantaggio-aumentava-e-io-non-riuscivo-a-crederci-questa-vittoria-e-fantastica\/\" target=\"_blank\" rel=\"noopener nofollow\">il UAE Tour 2024 e il Tour of Guangxi 2024,<\/a> non \u00e8 riuscito a mantenersi su quei livelli nel 2025 e anche nella stagione in corso, finora, ha avuto poco modo di farsi vedere. Il portacolori della <strong>Lotto-Intermarch\u00e9<\/strong> \u00e8 peraltro fermo dalla prima tappa della Tirreno-Adriatico 2026, quando matur\u00f2, insieme alla squadra, <a href=\"https:\/\/cyclingpro.net\/spaziociclismo\/worldtour\/tirreno-adriatico-2026-lennert-van-eetvelt-si-ritira-a-scopo-precauzionale-per-la-caduta-alla-strade-bianche\/\" target=\"_blank\" rel=\"noopener nofollow\">la decisione di ritirarsi dalla corsa italiana per recuperare da qualche acciacco fisico<\/a>.<\/p>\n<p>Le qualit\u00e0 di Van Eetvelt, per\u00f2, hanno mosso pi\u00f9 di qualche interesse sul CicloMercato da parte di altre squadre, dato soprattutto il fatto che il belga \u00e8 in scadenza di contratto, alla fine del 2026. Ci sarebbero, secondo quel che riporta <a href=\"https:\/\/www.hln.be\/wielrennen\/arnaud-de-lie-gegeerd-op-de-transfermarkt-ook-soudal-quick-step-zet-in-op-24-jarige-belg~a5b6ec10\/?referrer=https%3A%2F%2Ft.co%2F\" target=\"_blank\" rel=\"noopener nofollow\">Het Laatste Nieuws<\/a>, infatti tre formazioni WorldTour sulle tracce del 24enne, finora vincitore di 6 gare in carriera. <a href=\"https:\/\/cyclingpro.net\/spaziociclismo\/ciclomercato\/ciclomercato-2027-lennert-van-eetvelt-potrebbe-lasciare-la-lotto-intermarche-il-belga-in-trattative-avanzate-con-tre-squadre-tra-cui-la-soudal-quick-step\/\" target=\"_blank\" rel=\"noopener nofollow\">Di una, la <strong>Soudal Quick-Step<\/strong>, gi\u00e0 si sapeva.\u00a0<\/a>Un\u2019altra \u00e8 la <strong>Red Bull-Bora-hansgrohe<\/strong>, che si troverebbe cos\u00ec nuovamente coinvolta in una \u201clotta\u201d con la formazione ora diretta da Jurgen For\u00e9, dato che entrambe sono anche sulle tracce <a href=\"https:\/\/cyclingpro.net\/spaziociclismo\/ciclomercato\/ciclomercato-2027-arnaud-de-lie-nel-mirino-della-red-bull-bora-hansgrohe\/\" target=\"_blank\" rel=\"noopener nofollow\">di <strong>Arnaud De Lie<\/strong>, altro corridore di spicco della Lotto-Intermarch\u00e9.<\/a><\/p>\n<p>Peraltro, in tema di CicloMercato, fra la squadra tedesca e quella belga non corre storicamente \u201cbuon sangue\u201d, soprattutto <a href=\"https:\/\/cyclingpro.net\/spaziociclismo\/ciclomercato\/ciclomercato-patrick-lefevere-sulla-corte-della-red-bull-bora-hansgrohe-a-remco-evenepoel-ralph-denk-ha-sempre-ignorato-le-regole-io-lo-odio\/\" target=\"_blank\" rel=\"noopener nofollow\">per via dei frequenti contrasti avuti in passato fra <strong>Ralph Denk,<\/strong> direttore generale della Red Bull-Bora-hansgrohe, e <strong>Patrick Lefevere<\/strong>, rifermento dirigenziale, anche se ora \u201cpensionato\u201d, della Soudal Quick-Step<\/a>.\u00a0Per Van Eetvelt, inoltre, si starebbe muovendo anche la <strong>NSN<\/strong>, che mira a rinforzare il reparto degli scalatori in vista della prossima stagione. Gli spifferi pi\u00f9 recenti, per\u00f2, ventilano anche la possibilit\u00e0 che il corridore belga rimanga alla Lotto-Intermarch\u00e9, dato che non si escludono colloqui finalizzati al rinnovo del contratto attualmente in essere.<\/p>\n","protected":false},"excerpt":{"rendered":"Lennert Van Eetvelt non sta vivendo il periodo migliore della sua ancor giovane carriera. Il belga, classe 2001,&hellip;\n","protected":false},"author":3,"featured_media":29650,"comment_status":"","ping_status":"","sticky":false,"template":"","format":"standard","meta":{"footnotes":"","_share_on_mastodon":"0"},"categories":[1456],"tags":[1824,139641,1825,1537,90,89,29306,131324,245,244],"class_list":["post-422901","post","type-post","status-publish","format-standard","has-post-thumbnail","category-ciclismo","tag-ciclismo","tag-ciclomercato-2027","tag-cycling","tag-it","tag-italia","tag-italy","tag-lennert-van-eetvelt","tag-lotto-intermarche-2026","tag-sport","tag-sports"],"share_on_mastodon":{"url":"https:\/\/pubeurope.com\/@it\/116329466284952210","error":""},"_links":{"self":[{"href":"https:\/\/www.europesays.com\/it\/wp-json\/wp\/v2\/posts\/422901","targetHints":{"allow":["GET"]}}],"collection":[{"href":"https:\/\/www.europesays.com\/it\/wp-json\/wp\/v2\/posts"}],"about":[{"href":"https:\/\/www.europesays.com\/it\/wp-json\/wp\/v2\/types\/post"}],"author":[{"embeddable":true,"href":"https:\/\/www.europesays.com\/it\/wp-json\/wp\/v2\/users\/3"}],"replies":[{"embeddable":true,"href":"https:\/\/www.europesays.com\/it\/wp-json\/wp\/v2\/comments?post=422901"}],"version-history":[{"count":0,"href":"https:\/\/www.europesays.com\/it\/wp-json\/wp\/v2\/posts\/422901\/revisions"}],"wp:featuredmedia":[{"embeddable":true,"href":"https:\/\/www.europesays.com\/it\/wp-json\/wp\/v2\/media\/29650"}],"wp:attachment":[{"href":"https:\/\/www.europesays.com\/it\/wp-json\/wp\/v2\/media?parent=422901"}],"wp:term":[{"taxonomy":"category","embeddable":true,"href":"https:\/\/www.europesays.com\/it\/wp-json\/wp\/v2\/categories?post=422901"},{"taxonomy":"post_tag","embeddable":true,"href":"https:\/\/www.europesays.com\/it\/wp-json\/wp\/v2\/tags?post=422901"}],"curies":[{"name":"wp","href":"https:\/\/api.w.org\/{rel}","templated":true}]}}