{"id":423430,"date":"2026-04-01T20:47:29","date_gmt":"2026-04-01T20:47:29","guid":{"rendered":"https:\/\/www.europesays.com\/it\/423430\/"},"modified":"2026-04-01T20:47:29","modified_gmt":"2026-04-01T20:47:29","slug":"con-furlan-un-bellissimo-rapporto-resta-il-mio-punto-di-riferimento","status":"publish","type":"post","link":"https:\/\/www.europesays.com\/it\/423430\/","title":{"rendered":"\u00abCon Furlan un bellissimo rapporto, resta il mio punto di riferimento\u00bb"},"content":{"rendered":"<p>Una giornata speciale per gli appassionati di tennis trevigiani e i tanti giovanissimi giocatori e giocatrici in erba che oggi pomeriggio, 1 aprile, hanno potuto incontrare, allo Sporting Life Center di Vacil di Breda, la giocatrice numero uno del movimento femminile italiano, Jasmine Paolini. Per lei, arrivata intorno alle 15, un breve shooting fotografico per lo sponsor Dolomia, organizzatore dell&#8217;evento, una fugace conferenza stampa e poi subito in campo a palleggiare con alcuni dei tanti ragazzi che frequentano uno dei principali circoli trevigiani, in un clima di festa e sorrisi, come quello splendente di Jas. Il movimento della racchetta italiana sta vivendo la sua golden age e proprio il lavoro dei circoli per scovare giovani talenti \u00e8 stato fondamentale per far decollare a livello mondiale i nostri atleti. \u00abFrequentare un ambiente di circolo, personalmente per me \u00e8 stata un&#8217;esperienza super positiva: tanta attivit\u00e0 fisica, tante amicizie. Quindi ricordo quel momento, l&#8217;ho vissuto veramente con tanta gioia, non vedevo l&#8217;ora di andare a giocare a tennis\u00bb ha spiegato ai giornalisti \u00abSecondo me \u00e8 fondamentale, mi sembra insomma che qua ci sia, per quel poco che ho visto, una bellissima atmosfera. Credo che sia fondamentale anche per poi continuare a giocare. Quindi questo fondamentalmente \u00e8 il motivo principale: \u00e8 proprio quello che racchiude per\u00f2 l&#8217;essenza di fare sport, cio\u00e8 ti deve piacere, ci devi andare volentieri, ti devi trovare bene con i compagni, con l&#8217;allenatore\u00bb.<\/p>\n<p><img decoding=\"async\" src=\"https:\/\/www.europesays.com\/it\/wp-content\/uploads\/2026\/04\/jasmine-paolini-in-conferenza-stampa.jpeg\" alt=\"Jasmine Paolini in conferenza stampa\" title=\"Jasmine Paolini in conferenza stampa\"\/><\/p>\n<p><strong>Il primo bilancio della stagione?\u00a0<\/strong><\/p>\n<p>\u00abE&#8217; stata un po&#8217; alti e bassi. Ovviamente nelle ultime settimane sono andata molto meglio e l&#8217;obiettivo \u00e8 quello di mantenere un livello alto il pi\u00f9 a lungo possibile. Ovviamente non \u00e8 facile a questo livello essere consistenti tutte le settimane e speriamo di poterlo fare e che nella seconda parte comunque ci sia un pochino pi\u00f9 di continuit\u00e0. Ora ci alleneremo sulla terra, quindi inizia una stagione totalmente diversa\u00bb.\u00a0<\/p>\n<p><strong>Continuerai a giocare anche il doppio?\u00a0<\/strong><\/p>\n<p>\u00abIl singolo \u00e8 sempre stato la priorit\u00e0, quindi solo il doppio non \u00e8 mai stata un&#8217;opzione. Ovviamente il singolo \u00e8 la priorit\u00e0, il doppio mi fa piacere giocarlo, mi diverte e quindi alcuni tornei sicuramente continuer\u00f2 a giocarlo, per\u00f2 la mia priorit\u00e0 ovviamente \u00e8 sempre stata il singolo\u00bb.<\/p>\n<p><img decoding=\"async\" src=\"https:\/\/www.europesays.com\/it\/wp-content\/uploads\/2026\/04\/jasmine-paolini-con-il-sindaco-di-breda-cristiano-mosole.jpeg\" alt=\"Jasmine Paolini con il sindaco di Breda, Cristiano Mosole\" title=\"Jasmine Paolini con il sindaco di Breda, Cristiano Mosole\"\/><\/p>\n<p><strong>Come si rimane in equilibro fisico e psicologico tra alti e bassi?<\/strong><\/p>\n<p>\u00abNon \u00e8 facile, per\u00f2 fa parte dello sport, ma fa parte dell&#8217;essere anche probabilmente cos\u00ec tanto esposti. Io sinceramente cerco di ripetere a me stessa che non si pu\u00f2 essere sempre al top, non si pu\u00f2 essere sempre a 100, ogni tanto \u00e8 fisiologico avere qualche basso, l&#8217;importante \u00e8 comunque sapere su cosa lavorare, sapere su cosa serve per ritornare l\u00ec, per\u00f2 io credo che sia normale come in tutte le cose che non pu\u00f2 andare sempre al massimo, sempre verso l&#8217;alto\u00bb.\u00a0<\/p>\n<p><strong>Anche tu da bambina hai potuto fare qualche scambio con un campione?<\/strong><\/p>\n<p>\u00abMi \u00e8 capitato una volta con Filippo Volandri al Tennis Club Italia Forte dei Marmi: ne avr\u00f2 avuti dieci, dodici anni. Questo \u00e8 un aneddoto incredibile: qualche anno fa la mamma di Musetti mi ha portato una foto dove c&#8217;era anche Musetti a palleggiare con Volandri, per\u00f2 lui era molto pi\u00f9 piccolo di me, quindi \u00e8 incredibile questa cosa. Quello che cerco di trasmettere \u00e8 la passione che ho per questo sport, la gioia che mi d\u00e0, la gioia che mi danno i bambini, che sono contenti, sorridono, sono emozionati. Alla fine dico sempre che i bambini sono i fan migliori, sono quelli pi\u00f9 belli in qualche modo, perch\u00e9 leggi proprio la loro emozione, la loro spontaneit\u00e0 e quindi \u00e8 bello condividere questi momenti con loro\u00bb.\u00a0<\/p>\n<p><strong>Sei mai stata prima in provincia di Treviso?<\/strong><\/p>\n<p>\u00abNo, in realt\u00e0 non sono mai venuta: mi avevano invitato, per\u00f2 non sono mai riuscita a venire. Ogni tanto Furlan (Renzo, l&#8217;ex coach ndr) parlava dialetto quando chiamavamo i suoi parenti, e quando sono atterrata ho detto \u201ccavolo, mi sa che sono vicina a dove sta Renzo\u201d, infatti prima gli ho scritto e gli ho detto \u201cguarda, mi sa che sono dalle tue parti\u201d. Abbiamo sempre un bellissimo rapporto, resta sempre comunque un punto di riferimento.<\/p>\n<p><img decoding=\"async\" src=\"https:\/\/www.europesays.com\/it\/wp-content\/uploads\/2026\/04\/paolini-accompagnata-dalla-sicurezza-mentre-lascia-lo-shooting.jpeg\" alt=\"Paolini accompagnata dalla sicurezza mentre lascia lo shooting\" title=\"Paolini accompagnata dalla sicurezza mentre lascia lo shooting\"\/><\/p>\n<p><strong>Se il tennis italiano ride, il calcio piange e sta vivendo momenti bui.<\/strong><\/p>\n<p>\u00abEra meglio se si fossero qualificati ovviamente. Ovvio che dalla nostra parte il tennis sta crescendo tanto, per\u00f2 credo che in generale la vittoria \u00e8 che tutti gli sport vadano bene, secondo me. Quindi non mi sento di dire che \u00e8 meglio cos\u00ec assolutamente, \u00e8 il contrario. Io credo che lo sport, qualsiasi esso sia, \u00e8 sempre positivo, il tennis sta crescendo, la pallavolo pure, ma tutti gli altri sport, l&#8217;abbiamo visto con le Olimpiadi. Stiamo facendo bene, ci spiace, a me personalmente spiace un sacco, per\u00f2 \u00e8 andata cos\u00ec.\u00a0<\/p>\n<p><strong>Come si fa a sorridere anche nei momenti difficili come fai tu?<\/strong><\/p>\n<p>\u00abS\u00ec, non \u00e8 facile, ovvio che dietro c&#8217;\u00e8 anche una ricerca di questa cosa, a volte sdrammatizzare anche. A me sinceramente sdrammatizzare un po&#8217; mi aiuta, per\u00f2 a volte nei momenti difficili non \u00e8 cos\u00ec scontato. Alla fine bisogna ricordarsi anche che sto facendo quello che mi piace e quindi mi diverte. A volte ricerco forzatamente il divertimento e il fatto di divertirmi, perch\u00e9 so che mi aiuta a giocare meglio\u00bb.<\/p>\n","protected":false},"excerpt":{"rendered":"Una giornata speciale per gli appassionati di tennis trevigiani e i tanti giovanissimi giocatori e giocatrici in erba&hellip;\n","protected":false},"author":3,"featured_media":423431,"comment_status":"","ping_status":"","sticky":false,"template":"","format":"standard","meta":{"footnotes":"","_share_on_mastodon":"0"},"categories":[1457],"tags":[90097,1537,90,89,13617,245,244,1273,215930],"class_list":["post-423430","post","type-post","status-publish","format-standard","has-post-thumbnail","category-tennis","tag-breda","tag-it","tag-italia","tag-italy","tag-jasmine-paolini","tag-sport","tag-sports","tag-tennis","tag-vacil"],"share_on_mastodon":{"url":"https:\/\/pubeurope.com\/@it\/116331417006303415","error":""},"_links":{"self":[{"href":"https:\/\/www.europesays.com\/it\/wp-json\/wp\/v2\/posts\/423430","targetHints":{"allow":["GET"]}}],"collection":[{"href":"https:\/\/www.europesays.com\/it\/wp-json\/wp\/v2\/posts"}],"about":[{"href":"https:\/\/www.europesays.com\/it\/wp-json\/wp\/v2\/types\/post"}],"author":[{"embeddable":true,"href":"https:\/\/www.europesays.com\/it\/wp-json\/wp\/v2\/users\/3"}],"replies":[{"embeddable":true,"href":"https:\/\/www.europesays.com\/it\/wp-json\/wp\/v2\/comments?post=423430"}],"version-history":[{"count":0,"href":"https:\/\/www.europesays.com\/it\/wp-json\/wp\/v2\/posts\/423430\/revisions"}],"wp:featuredmedia":[{"embeddable":true,"href":"https:\/\/www.europesays.com\/it\/wp-json\/wp\/v2\/media\/423431"}],"wp:attachment":[{"href":"https:\/\/www.europesays.com\/it\/wp-json\/wp\/v2\/media?parent=423430"}],"wp:term":[{"taxonomy":"category","embeddable":true,"href":"https:\/\/www.europesays.com\/it\/wp-json\/wp\/v2\/categories?post=423430"},{"taxonomy":"post_tag","embeddable":true,"href":"https:\/\/www.europesays.com\/it\/wp-json\/wp\/v2\/tags?post=423430"}],"curies":[{"name":"wp","href":"https:\/\/api.w.org\/{rel}","templated":true}]}}