{"id":423499,"date":"2026-04-01T21:48:25","date_gmt":"2026-04-01T21:48:25","guid":{"rendered":"https:\/\/www.europesays.com\/it\/423499\/"},"modified":"2026-04-01T21:48:25","modified_gmt":"2026-04-01T21:48:25","slug":"vuoi-imparare-a-disegnare-parte-il-corso-aperto-a-tutti","status":"publish","type":"post","link":"https:\/\/www.europesays.com\/it\/423499\/","title":{"rendered":"Vuoi imparare a disegnare? Parte il corso aperto a tutti"},"content":{"rendered":"<p>la Compagnia del Birun peveragnese, sodalizio dedicato al teatro, alla cultura e alle arti creative in generale, lancia un corso di disegno. Si svolger\u00e0 dal 13 aprile, tutti i luned\u00ec, per 8 lezioni e sar\u00e0 curato da Laura Neirotti presso il Salone Ambrosino di Peveragno dalle 18.30 alle 19.30. Il corso \u00e8 realizzato al fine di sviluppare la creativit\u00e0 ed\u00a0\u00e8 dedicato a chi non ha mai avuto occasione di provare ad esprimersi attraverso il disegno, a chi pensa di essere negato e a chi si \u00e8 gi\u00e0 cimentato e vuole continuare a sperimentare.\u00a0La prima lezione \u00e8\u00a0libera e gratuita:\u00a0un&#8217;ottima opportunit\u00e0 per\u00a0mettersi alla prova divertendosi.<\/p>\n<p>Per info Simona 334.8966480.\u00a0<\/p>\n","protected":false},"excerpt":{"rendered":"la Compagnia del Birun peveragnese, sodalizio dedicato al teatro, alla cultura e alle arti creative in generale, lancia&hellip;\n","protected":false},"author":3,"featured_media":423500,"comment_status":"","ping_status":"","sticky":false,"template":"","format":"standard","meta":{"footnotes":"","_share_on_mastodon":"0"},"categories":[1446],"tags":[1615,1613,1614,1611,1610,6973,240433,1612,240434,203,74137,204,1537,90,89,240431,15998,240435,6974,240432,18865],"class_list":["post-423499","post","type-post","status-publish","format-standard","has-post-thumbnail","category-arte-e-design","tag-arte","tag-arte-e-design","tag-arteedesign","tag-arts","tag-arts-and-design","tag-compagnia-del-birun","tag-corso-di-disegno-creativo","tag-design","tag-disegno-creativo","tag-entertainment","tag-gratuita","tag-intrattenimento","tag-it","tag-italia","tag-italy","tag-laura-neirotti","tag-lezioni","tag-otto-lezioni","tag-peveragno","tag-salone-ambrosino","tag-simona"],"share_on_mastodon":{"url":"https:\/\/pubeurope.com\/@it\/116331656480204708","error":""},"_links":{"self":[{"href":"https:\/\/www.europesays.com\/it\/wp-json\/wp\/v2\/posts\/423499","targetHints":{"allow":["GET"]}}],"collection":[{"href":"https:\/\/www.europesays.com\/it\/wp-json\/wp\/v2\/posts"}],"about":[{"href":"https:\/\/www.europesays.com\/it\/wp-json\/wp\/v2\/types\/post"}],"author":[{"embeddable":true,"href":"https:\/\/www.europesays.com\/it\/wp-json\/wp\/v2\/users\/3"}],"replies":[{"embeddable":true,"href":"https:\/\/www.europesays.com\/it\/wp-json\/wp\/v2\/comments?post=423499"}],"version-history":[{"count":0,"href":"https:\/\/www.europesays.com\/it\/wp-json\/wp\/v2\/posts\/423499\/revisions"}],"wp:featuredmedia":[{"embeddable":true,"href":"https:\/\/www.europesays.com\/it\/wp-json\/wp\/v2\/media\/423500"}],"wp:attachment":[{"href":"https:\/\/www.europesays.com\/it\/wp-json\/wp\/v2\/media?parent=423499"}],"wp:term":[{"taxonomy":"category","embeddable":true,"href":"https:\/\/www.europesays.com\/it\/wp-json\/wp\/v2\/categories?post=423499"},{"taxonomy":"post_tag","embeddable":true,"href":"https:\/\/www.europesays.com\/it\/wp-json\/wp\/v2\/tags?post=423499"}],"curies":[{"name":"wp","href":"https:\/\/api.w.org\/{rel}","templated":true}]}}