{"id":423588,"date":"2026-04-01T23:07:14","date_gmt":"2026-04-01T23:07:14","guid":{"rendered":"https:\/\/www.europesays.com\/it\/423588\/"},"modified":"2026-04-01T23:07:14","modified_gmt":"2026-04-01T23:07:14","slug":"nesta-ecco-chi-e-oggi-il-difensore-piu-forte-e-il-mio-erede-e-uno-solo","status":"publish","type":"post","link":"https:\/\/www.europesays.com\/it\/423588\/","title":{"rendered":"Nesta: \u201cEcco chi \u00e8 oggi il difensore pi\u00f9 forte! E il mio erede \u00e8 uno solo&#8221;"},"content":{"rendered":"<p>Interessante intervista dell\u2019ex difensore e ora allenatore Alessandro Nesta al podcast Passa dal BSMT: ecco il difensore pi\u00f9 forte oggi<\/p>\n<p>Interessante intervista dell\u2019ex difensore e ora allenatore Alessandro <strong>Nesta<\/strong> al podcast Passa dal BSMT. Queste le sue dichiarazioni sul difensore pi\u00f9 forte oggi in circolazione per l&#8217;ex centrale di Milan e Nazionale.<\/p>\n<p>\u201cIl difensore pi\u00f9 forte di oggi \u00e8 van Dijk, il mio erede invece \u00e8 stato Thiago Silva. Dopo le prime due partite dissi a Galliani che sarebbe diventato un fenomeno\u201d, ha detto Nesta.<\/p>\n<p class=\"is-copyright\">\u00a9 RIPRODUZIONE RISERVATA<\/p>\n","protected":false},"excerpt":{"rendered":"Interessante intervista dell\u2019ex difensore e ora allenatore Alessandro Nesta al podcast Passa dal BSMT: ecco il difensore pi\u00f9&hellip;\n","protected":false},"author":3,"featured_media":423589,"comment_status":"","ping_status":"","sticky":false,"template":"","format":"standard","meta":{"footnotes":"","_share_on_mastodon":"0"},"categories":[1452],"tags":[2535,240478,721,4053,125478,1740,3440,1537,90,89,21094,1739,245,244],"class_list":["post-423588","post","type-post","status-publish","format-standard","has-post-thumbnail","category-calcio","tag-alessandro","tag-alessandro-nesta","tag-calcio","tag-difensore","tag-difensore-forte","tag-football","tag-forte","tag-it","tag-italia","tag-italy","tag-nesta","tag-soccer","tag-sport","tag-sports"],"share_on_mastodon":{"url":"https:\/\/pubeurope.com\/@it\/116331967252719790","error":""},"_links":{"self":[{"href":"https:\/\/www.europesays.com\/it\/wp-json\/wp\/v2\/posts\/423588","targetHints":{"allow":["GET"]}}],"collection":[{"href":"https:\/\/www.europesays.com\/it\/wp-json\/wp\/v2\/posts"}],"about":[{"href":"https:\/\/www.europesays.com\/it\/wp-json\/wp\/v2\/types\/post"}],"author":[{"embeddable":true,"href":"https:\/\/www.europesays.com\/it\/wp-json\/wp\/v2\/users\/3"}],"replies":[{"embeddable":true,"href":"https:\/\/www.europesays.com\/it\/wp-json\/wp\/v2\/comments?post=423588"}],"version-history":[{"count":0,"href":"https:\/\/www.europesays.com\/it\/wp-json\/wp\/v2\/posts\/423588\/revisions"}],"wp:featuredmedia":[{"embeddable":true,"href":"https:\/\/www.europesays.com\/it\/wp-json\/wp\/v2\/media\/423589"}],"wp:attachment":[{"href":"https:\/\/www.europesays.com\/it\/wp-json\/wp\/v2\/media?parent=423588"}],"wp:term":[{"taxonomy":"category","embeddable":true,"href":"https:\/\/www.europesays.com\/it\/wp-json\/wp\/v2\/categories?post=423588"},{"taxonomy":"post_tag","embeddable":true,"href":"https:\/\/www.europesays.com\/it\/wp-json\/wp\/v2\/tags?post=423588"}],"curies":[{"name":"wp","href":"https:\/\/api.w.org\/{rel}","templated":true}]}}