{"id":423731,"date":"2026-04-02T01:10:17","date_gmt":"2026-04-02T01:10:17","guid":{"rendered":"https:\/\/www.europesays.com\/it\/423731\/"},"modified":"2026-04-02T01:10:17","modified_gmt":"2026-04-02T01:10:17","slug":"conferenza-sulla-remigrazione-5-giorni-di-sospensione-a-22-deputati-e-4-ad-altri-10","status":"publish","type":"post","link":"https:\/\/www.europesays.com\/it\/423731\/","title":{"rendered":"Conferenza sulla remigrazione, 5 giorni di sospensione a 22 deputati e 4 ad altri 10"},"content":{"rendered":"<p>\t\t \tI deputati sospesi<\/p>\n<p>I 22 deputati che hanno ricevuto la sanzione pi\u00f9 pesante sono stati puniti perch\u00e9, secondo l&#8217;ufficio di Presidenza, il loro comportamento \u00e8 stato ritenuto pi\u00f9 grave in quanto hanno impedito materialmente l&#8217;avvio della conferenza stampa sedendosi al banco degli oratori oppure posizionandosi dietro o intorno allo stesso. La sanzione minore, invece, \u00e8 stata inflitta in quei casi in cui \u00e8 stata impedita la conferenza ma solo contribuendo volontariamente alla saturazione dei posti disponibili. Tra i primi sono stati sanzionati: Bakkali, Cuperlo, Orfini, Boldrini, De Maria, Morassut, Romeo, Sarracino, Scotto e Stumpo del Pd, Sportiello, Riccardo Ricciardi, Auriemma, Caso, Ferrara, Lomuti, Quartini e Silvestri del Movimento 5 stelle, e Bonelli, Zaratti, Fratoianni e Mari di Avs. Tra i secondi, invece, ci sono Alifano, D&#8217;Orso, L&#8217;Abbate, Orrico e Marianna Ricciardi dei pentastellati, e Casu, Ciani, Di Biase, Gribaudo e Mancini dei dem.<\/p>\n<p>Le reazioni<\/p>\n<p>&#8220;Assistiamo a una deriva davvero sconcertante. L\u2019Ufficio di Presidenza della Camera ha sanzionato a maggioranza i deputati e le deputate delle opposizioni che si sono presentati in sala stampa per scongiurare la presenza a Montecitorio di esponenti di Casa Pound e di chi si professa apertamente fascista e nazista. Una decisione incomprensibile e grave. Ancora pi\u00f9 assurdo: mentre si infliggono sanzioni ingiuste e spropositate a chi ha difeso in modo non violento l\u2019onorabilit\u00e0 della Camera leggendo articoli della nostra Costituzione, lo stesso Ufficio di Presidenza votava a maggioranza uno scudo processuale per Giusy Bartolozzi. Si prendono provvedimenti contro chi tutela la dignit\u00e0 delle istituzioni, mentre chi le disonora mettendo in imbarazzo il Paese viene protetto dalla maggioranza di Giorgia Meloni. Una logica inaccettabile. Chiediamo il ritiro del provvedimento&#8221;. Lo comunica il Pd dopo le decisioni. &#8220;Le sanzioni decise dall\u2019Ufficio di Presidenza della Camera per le proteste dei nostri deputati e delle nostre deputate per lo svolgimento di una conferenza stampa di naziskin alla Camera, sono irricevibili. E questo perch\u00e9 riteniamo di aver agito nel giusto e di aver difeso con i nostri corpi l\u2019onore delle istituzioni. \u00c8 inoltre paradossale che si impongano delle sanzioni a chi ha fatto un\u2019azione a difesa dell\u2019onorabilit\u00e0 del Paese, quando nel contempo ci si limita a una \u201ctirata d\u2019orecchie\u201d per Delmastro, il quale non aveva, come invece previsto da regolamento, dichiarato nulla sulle proprie quote nel famoso ristorante in partecipazione con la figlia di un prestanome della camorra. Con questa scelta la maggioranza di Giorgia Meloni ha mostrato una volta di pi\u00f9 i \u201cvalori\u201d che la guidano e muovono le sue scelte politiche. Per quel che ci riguarda, queste sanzioni non ci faranno fare nessun patto indietro rispetto alla nostra opposizione. Anzi, semmai rinnoveranno il nostro orgoglio e la nostra determinazione&#8221;. Cos\u00ec in una nota il gruppo M5s alla Camera.<\/p>\n<p>\u00a0<\/p>\n<p>\t\t\t<a class=\"c-inline-card j-inline-card c-inline-card--with-image\" href=\"https:\/\/tg24.sky.it\/mondo\/2026\/02\/18\/preoccupazioni-cittadini-europei-eurobarometro-dati-sondaggio\" rel=\"follow nofollow noopener\" data-intcmp=\"skytg24_articolo_approfondimenti_inline\" target=\"_blank\"><\/p>\n<p>\t\t\t         <img decoding=\"async\" crossorigin=\"anonymous\" alt=\"\" src=\"https:\/\/www.europesays.com\/it\/wp-content\/uploads\/2026\/02\/GettyImages-1326044649.jpg\"  loading=\"lazy\"  bad-src=\"https:\/\/www.europesays.com\/it\/wp-content\/uploads\/2026\/02\/GettyImages-1326044649.jpg\"\/><\/p>\n<p>\n\t\t\t         Approfondimento<br \/>\n\t\t\t         Terrorismo, clima, immigrazione: cosa preoccupa i cittadini europei?\n\t\t\t      <\/p>\n<p>\t\t\t<\/a><\/p>\n","protected":false},"excerpt":{"rendered":"I deputati sospesi I 22 deputati che hanno ricevuto la sanzione pi\u00f9 pesante sono stati puniti perch\u00e9, secondo&hellip;\n","protected":false},"author":3,"featured_media":423732,"comment_status":"","ping_status":"","sticky":false,"template":"","format":"standard","meta":{"footnotes":"","_share_on_mastodon":"0"},"categories":[79],"tags":[44542,48617,14,93,94,55368,1537,90,89,29631,7,15,490,11,84,91,12,85,92],"class_list":["post-423731","post","type-post","status-publish","format-standard","has-post-thumbnail","category-italia","tag-camera-dei-deputati","tag-casapound","tag-cronaca","tag-cronaca-italiana","tag-cronacaitaliana","tag-fps","tag-it","tag-italia","tag-italy","tag-movimento-5-stelle","tag-news","tag-notizie","tag-pd","tag-ultime-notizie","tag-ultime-notizie-e-news-di-oggi","tag-ultime-notizie-italia","tag-ultimenotizie","tag-ultimenotizieenewsdioggi","tag-ultimenotizieitalia"],"share_on_mastodon":{"url":"https:\/\/pubeurope.com\/@it\/116332450740551670","error":""},"_links":{"self":[{"href":"https:\/\/www.europesays.com\/it\/wp-json\/wp\/v2\/posts\/423731","targetHints":{"allow":["GET"]}}],"collection":[{"href":"https:\/\/www.europesays.com\/it\/wp-json\/wp\/v2\/posts"}],"about":[{"href":"https:\/\/www.europesays.com\/it\/wp-json\/wp\/v2\/types\/post"}],"author":[{"embeddable":true,"href":"https:\/\/www.europesays.com\/it\/wp-json\/wp\/v2\/users\/3"}],"replies":[{"embeddable":true,"href":"https:\/\/www.europesays.com\/it\/wp-json\/wp\/v2\/comments?post=423731"}],"version-history":[{"count":0,"href":"https:\/\/www.europesays.com\/it\/wp-json\/wp\/v2\/posts\/423731\/revisions"}],"wp:featuredmedia":[{"embeddable":true,"href":"https:\/\/www.europesays.com\/it\/wp-json\/wp\/v2\/media\/423732"}],"wp:attachment":[{"href":"https:\/\/www.europesays.com\/it\/wp-json\/wp\/v2\/media?parent=423731"}],"wp:term":[{"taxonomy":"category","embeddable":true,"href":"https:\/\/www.europesays.com\/it\/wp-json\/wp\/v2\/categories?post=423731"},{"taxonomy":"post_tag","embeddable":true,"href":"https:\/\/www.europesays.com\/it\/wp-json\/wp\/v2\/tags?post=423731"}],"curies":[{"name":"wp","href":"https:\/\/api.w.org\/{rel}","templated":true}]}}