{"id":423736,"date":"2026-04-02T01:24:19","date_gmt":"2026-04-02T01:24:19","guid":{"rendered":"https:\/\/www.europesays.com\/it\/423736\/"},"modified":"2026-04-02T01:24:19","modified_gmt":"2026-04-02T01:24:19","slug":"inter-su-muharemovic-del-sassuolo-protagonista-in-bosnia-italia-e-a-rischio-espulsione","status":"publish","type":"post","link":"https:\/\/www.europesays.com\/it\/423736\/","title":{"rendered":"Inter su Muharemovic del Sassuolo, protagonista in Bosnia-Italia (e a rischio espulsione)"},"content":{"rendered":"<p>                                Il difensore del Sassuolo ha steso Palestra da ultimo uomo, ha rischiato il rosso, per\u00f2 l&#8217;arbitro Turpin ha estratto solo il giallo. A parte l&#8217;episodio, si \u00e8 confermato un ottimo centrale, profilo giusto per le strategie estive nerazzurre<\/p>\n<p>            <a class=\"image is-50x50\" href=\"https:\/\/www.gazzetta.it\/redazione\/gregorio-spigno\/\" rel=\"nofollow noopener\" target=\"_blank\"><br \/>\n                <img decoding=\"async\" class=\"is-rounded\" src=\"https:\/\/www.europesays.com\/it\/wp-content\/uploads\/2025\/11\/gregorio_spigno_avatar.png\" alt=\"Gregorio Spigno\"\/><br \/>\n            <\/a><\/p>\n<p>Giornalista<\/p>\n<p>                    1 aprile &#8211; 18:17  &#8211; MILANO<\/p>\n<p class=\"paragraph\" spellcheck=\"true\">Sicuramente la personalit\u00e0 non gli manca. In campo, con prestazioni da leader. E fuori, con dichiarazioni al vetriolo: &#8220;Ora andiamo a dare una lezione a questi italiani che verranno a Zenica e alla fine festeggeremo tutti insieme. Temiamo solo Dio, vogliamo mangiarci gli italiani e divorare chiunque verr\u00e0 l\u00ec&#8221;. Parole di Tarik Muharemovic, difensore del Sassuolo e protagonista della Bosnia che ha condannato l&#8217;Italia all&#8217;ennesimo dramma Mondiale. Un pensiero forte, diretto, provocatorio, che a distanza di poco tempo avrebbe potuto assumere l&#8217;effetto boomerang e tornargli tutto indietro. E se cos\u00ec non \u00e8 stato, almeno parte del merito va proprio a Muharemovic: incolpevole sul gol di Kean, roccioso in marcatura, spesso in anticipo. Graziato dall&#8217;arbitro, s\u00ec, perch\u00e9 l&#8217;intervento su Palestra durante i tempi supplementari probabilmente avrebbe meritato un rosso invece che il giallo, ma comunque determinante per la qualificazione al Mondiale della Bosnia. Non a caso, infatti, l&#8217;Inter l&#8217;ha da tempo inserito nella lista dei desideri.<\/p>\n<p><a class=\"is-partner-link\" href=\"https:\/\/aipredictor.gazzetta.it\/?intcmp=linkArticoloSerieA\" rel=\"nofollow noopener\" target=\"_blank\">Pronostici sulla Serie A generati dalla nostra IA. Prova gratis Gazzetta AI Predictor.<\/a><\/p>\n<p>        clausola juve\u2014 \u00a0<\/p>\n<p class=\"paragraph\" spellcheck=\"true\">Il difensore del Sassuolo viene monitorato da tempo da Marotta e Ausilio, e probabilmente durante la sfida tra Bosnia ed Italia con un occhio di riguardo in pi\u00f9. Una sfida tra potenziale futuro e altrettanto potenziale passato, quella tra Muharemovic e Bastoni, stravinta dal centrale neroverde. Perch\u00e9 se da un lato il bosniaco non ha sbagliato praticamente nulla, dall&#8217;altro la follia del nerazzurro ha profondamente influito sull&#8217;eliminazione italiana. L&#8217;altra certezza \u00e8 che sotto l&#8217;aspetto dei profili &#8211; sia tecnici che tattici &#8211; Muharemovic e Bastoni si assomiglino non poco. Strutturati fisicamente, mancini, abili nell&#8217;impostazione. L&#8217;Inter lo segue anche per questi motivi, ma l&#8217;estate prossima &#8211; dopo un Mondiale da protagonista, per Muharemovic s\u00ec &#8211; la concorrenza rischia di aumentare sensibilmente. Con una variabile: la Juventus. Perch\u00e9 il difensore bosniaco \u00e8 cresciuto nella Next Gen bianconera e la dirigenza della Juve, prima di cederlo al Sassuolo per un paio di milioni, ha imposto come condizione obbligatoria di ricevere il 50% sulla futura rivendita. Uguale: la Juventus pu\u00f2 pagarlo la met\u00e0 rispetto all&#8217;Inter. Un&#8217;ipotesi che non va certamente scartata a priori. Quel che \u00e8 certo, per\u00f2, \u00e8 che Muharemovic ha sfruttato al massimo una vetrina prestigiosa. E al Mondiale ci andr\u00e0.\u00a0<\/p>\n<p class=\"is-copyright\">\u00a9 RIPRODUZIONE RISERVATA<\/p>\n","protected":false},"excerpt":{"rendered":"Il difensore del Sassuolo ha steso Palestra da ultimo uomo, ha rischiato il rosso, per\u00f2 l&#8217;arbitro Turpin ha&hellip;\n","protected":false},"author":3,"featured_media":423737,"comment_status":"","ping_status":"","sticky":false,"template":"","format":"standard","meta":{"footnotes":"","_share_on_mastodon":"0"},"categories":[1452],"tags":[13146,19898,59559,119171,721,921,925,4053,240521,1740,3225,350,1537,90,627,89,565,240522,240523,558,1353,7547,240524,6843,8613,655,11835,6299,3461,2434,1739,245,244],"class_list":["post-423736","post","type-post","status-publish","format-standard","has-post-thumbnail","category-calcio","tag-arbitro","tag-bastoni","tag-bosnia","tag-bosniaco","tag-calcio","tag-campo","tag-centrale","tag-difensore","tag-difensore-sassuolo","tag-football","tag-giallo","tag-inter","tag-it","tag-italia","tag-italiani","tag-italy","tag-juve","tag-juve-difensore","tag-juve-difensore-sassuolo","tag-juventus","tag-mondiale","tag-muharemovic","tag-muharemovic-bastoni","tag-palestra","tag-potenziale","tag-protagonista","tag-rosso","tag-sassuolo","tag-sfida","tag-si","tag-soccer","tag-sport","tag-sports"],"share_on_mastodon":{"url":"https:\/\/pubeurope.com\/@it\/116332506267721004","error":""},"_links":{"self":[{"href":"https:\/\/www.europesays.com\/it\/wp-json\/wp\/v2\/posts\/423736","targetHints":{"allow":["GET"]}}],"collection":[{"href":"https:\/\/www.europesays.com\/it\/wp-json\/wp\/v2\/posts"}],"about":[{"href":"https:\/\/www.europesays.com\/it\/wp-json\/wp\/v2\/types\/post"}],"author":[{"embeddable":true,"href":"https:\/\/www.europesays.com\/it\/wp-json\/wp\/v2\/users\/3"}],"replies":[{"embeddable":true,"href":"https:\/\/www.europesays.com\/it\/wp-json\/wp\/v2\/comments?post=423736"}],"version-history":[{"count":0,"href":"https:\/\/www.europesays.com\/it\/wp-json\/wp\/v2\/posts\/423736\/revisions"}],"wp:featuredmedia":[{"embeddable":true,"href":"https:\/\/www.europesays.com\/it\/wp-json\/wp\/v2\/media\/423737"}],"wp:attachment":[{"href":"https:\/\/www.europesays.com\/it\/wp-json\/wp\/v2\/media?parent=423736"}],"wp:term":[{"taxonomy":"category","embeddable":true,"href":"https:\/\/www.europesays.com\/it\/wp-json\/wp\/v2\/categories?post=423736"},{"taxonomy":"post_tag","embeddable":true,"href":"https:\/\/www.europesays.com\/it\/wp-json\/wp\/v2\/tags?post=423736"}],"curies":[{"name":"wp","href":"https:\/\/api.w.org\/{rel}","templated":true}]}}