{"id":423921,"date":"2026-04-02T05:41:19","date_gmt":"2026-04-02T05:41:19","guid":{"rendered":"https:\/\/www.europesays.com\/it\/423921\/"},"modified":"2026-04-02T05:41:19","modified_gmt":"2026-04-02T05:41:19","slug":"serve-la-massima-prudenza-foto-video","status":"publish","type":"post","link":"https:\/\/www.europesays.com\/it\/423921\/","title":{"rendered":"&#8220;Serve la massima prudenza&#8221; [FOTO-VIDEO]"},"content":{"rendered":"<p>Abruzzo alle prese con un\u2019intensa ondata di maltempo, con criticit\u00e0 diffuse su gran parte del territorio regionale. A preoccupare maggiormente sono i corsi d\u2019acqua: sono sette i fiumi che hanno gi\u00e0 superato la soglia di allarme secondo il Centro funzionale della Protezione civile, mentre altri risultano in crescita verso livelli critici. Disagi e allagamenti si registrano in diverse aree, con centinaia di interventi dei vigili del fuoco e numerosi sindaci che hanno disposto la chiusura delle scuole. Il presidente della Regione, Marco Marsilio, nel fare il punto della situazione sull&#8217;emergenza invita alla &#8220;massima prudenza&#8221;.<\/p>\n<p>Nel Pescarese hanno superato la soglia di allarme i fiumi Pescara e Saline, mentre il Piomba ha superato la soglia di pre-allarme ed \u00e8 in graduale aumento. In citt\u00e0 e in provincia, da mezzanotte, i vigili del fuoco hanno gi\u00e0 evaso oltre 50 richieste di intervento tra allagamenti e alberi pericolanti o caduti, rendendo necessario il richiamo del personale libero dal servizio. Attenzione anche alle dighe di Penne e Alanno, con attivazione delle procedure di rischio idraulico a valle. A Penne, il sindaco Gilberto Petrucci riferisce che la diga \u00e8 \u201ccostantemente monitorata\u201d e che \u00e8 stato avviato il deflusso graduale dell\u2019acqua, senza criticit\u00e0 al momento. Sotto osservazione i torrenti, in particolare il Baricella, in alcuni tratti esondato, e il fiume Tavo. Nella frazione di Roccafinadamo si registrano oltre 30 centimetri di neve.<\/p>\n<p>A livello regionale hanno superato la soglia di allarme anche l\u2019Alento, il Foro, il Sangro, l\u2019Osento e il Sinello nel Chietino. Proprio sul Sangro si concentra una delle principali criticit\u00e0, con la diga di Bomba che ha registrato una crescita significativa del livello, arrivando a sfiorare la tracimazione. La Protezione civile ha disposto la pre-allerta per i comuni a valle, tra cui Bomba, Casoli, Atessa, Lanciano e Paglieta, per prevenire possibili conseguenze legate ai rilasci d\u2019acqua.<\/p>\n<p>Segnalate inoltre frane e smottamenti in diverse aree, in particolare nel Teramano e nel Chietino, mentre a San Salvo sono state inviate idrovore per l\u2019allagamento di un sottopasso. Attivato il monitoraggio anche sulla Piana delle Cinque Miglia.<\/p>\n<p>Per la giornata di oggi il Centro funzionale ha previsto allerta rossa per rischio idrogeologico localizzato nel bacino Tordino-Vomano e per rischio idraulico diffuso nel bacino dell\u2019Aterno, oltre ad allerta arancione nei bacini del Pescara e dell\u2019alto Sangro e nella Marsica. Criticit\u00e0 elevata &#8211; allerta rossa anche per rischio valanghe su buona parte della regione. L<\/p>\n<p><a href=\"https:\/\/www.ilpescara.it\/dossier\/\" rel=\"nofollow noopener\" target=\"_blank\">Abbonati per leggere i nostri approfondimenti della sezione Dossier<\/a><\/p>\n<p>La Protezione civile invita le amministrazioni a \u201cmettere in atto le azioni previste nel Piano comunale di emergenza\u201d e raccomanda ai cittadini la massima prudenza, limitando gli spostamenti non necessari e prestando particolare attenzione ai sottopassi e alle aree soggette ad allagamento.<\/p>\n<p>Sull\u2019emergenza \u00e8 intervenuto anche il presidente della Regione Abruzzo, Marco Marsilio: \u201cRaccomandiamo la massima prudenza perch\u00e9 purtroppo le previsioni indicano precipitazioni persistenti per tutta la giornata e fino anche a domani. Come gi\u00e0 annunciato ieri, sono previsioni critiche di allerta rossa in alcune zone della regione, in particolare la costa adriatica e la parte meridionale\u201d.<\/p>\n<p>Il governatore sottolinea che l&#8217;allarme maggiore riguarda &#8220;il fiume Sangro, con la diga di Bomba che ha raggiunto il suo culmine e quindi ora dovranno cominciare i rilasci d&#8217;acqua che provocheranno inevitabilmente anche degli allagamenti nelle campagne. Speriamo &#8211; dice il governatore dalla sala operativa della Protezione civile &#8211; che tutto si limiti a campagne allagate, senza particolari danni a persone e cose&#8221;.<\/p>\n<p>\u201cSta nevicando abbondantemente sui rilievi del Gran Sasso &#8211; aggiunge &#8211; A Colledara, lungo l&#8217;autostrada A24, la polizia stradale sta filtrando i mezzi pesanti in modo da evitare blocchi della circolazione. Stiamo tenendo sotto osservazione i corsi d&#8217;acqua\u201d.<\/p>\n<p>&#8220;Le precipitazioni &#8211; conclude &#8211; adesso stanno colpendo la costa adriatica e si stanno progressivamente spostando sia verso Nord, cio\u00e8 da Pescara verso Silvi, fino a coinvolgere tutta la costa abruzzese, sia verso l&#8217;interno, in particolare dal Vastese e dal basso Sangro verso l&#8217;Alto Sangro e la Valle Peligna, che nelle prossime ore saranno attenzionate proprio per l&#8217;intensificarsi dei fenomeni&#8221;.<\/p>\n<p>(foto di copertina di Manuel Giusti)<\/p>\n","protected":false},"excerpt":{"rendered":"Abruzzo alle prese con un\u2019intensa ondata di maltempo, con criticit\u00e0 diffuse su gran parte del territorio regionale. A&hellip;\n","protected":false},"author":3,"featured_media":423922,"comment_status":"","ping_status":"","sticky":false,"template":"","format":"standard","meta":{"footnotes":"","_share_on_mastodon":"0"},"categories":[6],"tags":[14,4249,35852,8,1537,90,89,437,419,7,15,82,9,83,10,13,11,80,84,12,81,85],"class_list":["post-423921","post","type-post","status-publish","format-standard","has-post-thumbnail","category-ultime-notizie","tag-cronaca","tag-emergenze","tag-fiumi","tag-headlines","tag-it","tag-italia","tag-italy","tag-maltempo","tag-meteo","tag-news","tag-notizie","tag-notizie-di-cronaca","tag-notizie-principali","tag-notiziedicronaca","tag-notizieprincipali","tag-titoli","tag-ultime-notizie","tag-ultime-notizie-di-cronaca","tag-ultime-notizie-e-news-di-oggi","tag-ultimenotizie","tag-ultimenotiziedicronaca","tag-ultimenotizieenewsdioggi"],"share_on_mastodon":{"url":"https:\/\/pubeurope.com\/@it\/116333516285571213","error":""},"_links":{"self":[{"href":"https:\/\/www.europesays.com\/it\/wp-json\/wp\/v2\/posts\/423921","targetHints":{"allow":["GET"]}}],"collection":[{"href":"https:\/\/www.europesays.com\/it\/wp-json\/wp\/v2\/posts"}],"about":[{"href":"https:\/\/www.europesays.com\/it\/wp-json\/wp\/v2\/types\/post"}],"author":[{"embeddable":true,"href":"https:\/\/www.europesays.com\/it\/wp-json\/wp\/v2\/users\/3"}],"replies":[{"embeddable":true,"href":"https:\/\/www.europesays.com\/it\/wp-json\/wp\/v2\/comments?post=423921"}],"version-history":[{"count":0,"href":"https:\/\/www.europesays.com\/it\/wp-json\/wp\/v2\/posts\/423921\/revisions"}],"wp:featuredmedia":[{"embeddable":true,"href":"https:\/\/www.europesays.com\/it\/wp-json\/wp\/v2\/media\/423922"}],"wp:attachment":[{"href":"https:\/\/www.europesays.com\/it\/wp-json\/wp\/v2\/media?parent=423921"}],"wp:term":[{"taxonomy":"category","embeddable":true,"href":"https:\/\/www.europesays.com\/it\/wp-json\/wp\/v2\/categories?post=423921"},{"taxonomy":"post_tag","embeddable":true,"href":"https:\/\/www.europesays.com\/it\/wp-json\/wp\/v2\/tags?post=423921"}],"curies":[{"name":"wp","href":"https:\/\/api.w.org\/{rel}","templated":true}]}}