{"id":424159,"date":"2026-04-02T09:31:14","date_gmt":"2026-04-02T09:31:14","guid":{"rendered":"https:\/\/www.europesays.com\/it\/424159\/"},"modified":"2026-04-02T09:31:14","modified_gmt":"2026-04-02T09:31:14","slug":"beatrice-arnera-choc-mi-scrivevano-di-uccidermi-un-accanimento-patriarcale-poi-la-chiamata-di-verdone-non-ci-credevo","status":"publish","type":"post","link":"https:\/\/www.europesays.com\/it\/424159\/","title":{"rendered":"Beatrice Arnera choc: \u201cMi scrivevano di uccidermi, un accanimento patriarcale\u201d. Poi la chiamata di Verdone: \u201cNon ci credevo\u201d"},"content":{"rendered":"<p>C&#8217;\u00e8 anche Beatrice Arnera &#8211; attrice piemontese, ex fidanzata dell&#8217;attore comico Andrea Pisani. I due nel 2024 hanno avuto una figlia, poi la separazione &#8211; nel cast di \u201cScuola di Seduzione\u201d, il nuovo film del regista romano, disponibile su Paramount+ da ieri 1 aprile 2026.<\/p>\n<p>L&#8217;incontro con Carlo Verdone per \u201cScuola di Seduzione\u201d<\/p>\n<p>Intervistata da Donna Moderna, Arnera ha parlato della chiamata di Verdone (ma anche di altre tematiche: come l&#8217;odio social ricevuto negli ultimi mesi per <a href=\"https:\/\/www.today.it\/gossip\/vip\/scontro-pisani-arnera-raoul-bova-vie-legali.html\" target=\"_blank\" rel=\"nofollow noopener\">le vicende di gossip che la riguardano<\/a>). &#8220;Le dico la verit\u00e0: non potevo credere che avesse scelto me. Non la finivo di chiedere: \u2018Ma c\u2019\u00e8 scritto davvero il mio nome l\u00ec?\u2019. La mia sindrome dell\u2019impostore ha fatto proprio il botto\u201d.\u00a0<\/p>\n<p>E ancora sull&#8217;argomento aggiunge: \u201cParliamo di un gigante, un uomo di una generosit\u00e0 d\u2019animo rara. Il primo giorno di set ero tesissima. Gli ho confessato: \u2018Non voglio deluderla\u2019. Mi ha messo una manona in faccia, come un padre, e mi ha detto: \u2018Stai tranquilla, sei brava, lo facciamo insieme\u2019\u201d,<a href=\"https:\/\/www.today.it\/gossip\/vip\/carlo-verdone-scuola-di-seduzione-film-pene-piccolo.html\" target=\"_blank\" rel=\"nofollow noopener\"> le parole dell&#8217;attrice nel cast della nuova pellicola di Verdone<\/a>.<\/p>\n<p><a href=\"https:\/\/www.today.it\/gossip\/vip\/beatrice-arnera-minacce-andrea-pisani.html\" target=\"_blank\" rel=\"nofollow noopener\">Beatrice Arnera: &#8220;Perseguitata da minacce da quando il padre di mia figlia \u00e8 andato da Gazzoli a raccontare una storia piena di inesattezze&#8221;<\/a>\u00a0\u201cMia madre mi ha insegnato ad amare\u201d, poi parla delle vergognose offese ricevute<\/p>\n<p>Beatrice Arnera affronta quindi una tematica che conosce da vicino &#8211; essendone stata, suo malgrado, al centro pubblicamente &#8211; ovvero la fine di un amore. \u201cOggi nessuno ci allena al rifiuto o al dolore. Se insegnassimo ai giovani che un amore che finisce non annulla il tuo valore, impareremmo a ricominciare senza sentirci &#8216;rotte&#8217; o sbagliate&#8221;, spiega l&#8217;attrice. Che poi aggiunge: \u201cMia madre mi ha insegnato ad amare, lei \u00e8 la persona pi\u00f9 libera che conosca. Una donna che ha sempre scelto la felicit\u00e0 e, di conseguenza, l\u2019ha regalata a noi figlie: ha sofferto, attraversato momenti difficili, ma ha fatto tutto ci\u00f2 che era in suo potere per tenersi la vita in pugno. Sull\u2019altro fronte, ho avuto un padre molto analitico, introspettivo. Insomma, una grande scuola\u201d.<\/p>\n<p>Sulle critiche (anche durissime) ricevute negli ultimi mesi, dice: \u201cI social sono un luogo fertile per l\u2019odio. Ho ricevuto insulti, minacce, mi scrivevano che non ero una buona madre o mi invitavano al suicidio. Ma la delusione vera \u00e8 stata vedere come sono stati usati i video che io e Andrea pubblicavamo sui social per lavoro, a tutti gli effetti contenuti professionali, progetti pubblicitari concordati. Posso capire la delusione, ma vedere quella dimensione lavorativa e creativa usata contro di me, come se fosse la prova di una felicit\u00e0 scippata, \u00e8 stato straniante\u201d.<\/p>\n<p><a href=\"https:\/\/www.today.it\/gossip\/vip\/andrea-pisani-arnera-bova-video.html\" target=\"_blank\" rel=\"nofollow noopener\">Bova-Arnera, la vita di Andrea Pisani dopo l&#8217;intervista verit\u00e0: &#8220;Non \u00e8 pi\u00f9 la stessa cosa&#8221;, il video<\/a>\u00a0<\/p>\n<p>Infine l&#8217;attrice 30enne &#8211; oggi felicemente fidanzata con il collega Raoul Bova, che di anni ne ha 54 &#8211; conclude: \u201cL\u2019accanimento che ho subito ha una radice patriarcale.<strong> <\/strong>Per secoli alle donne \u00e8 stato chiesto di sacrificarsi per l\u2019idea di famiglia, anche se si trattava di famiglie infelici. Mia nonna nel 1960 non si separ\u00f2 perch\u00e9 al mercato, dove lavorava, le avrebbero dato della poco di buono. Oggi il meccanismo \u00e8 lo stesso: non \u00e8 pi\u00f9 il mercato del paese, sono i social. Non \u00e8 che una mattina ti svegli e dici: piove, mi separo. \u00c8 una decisione ponderata, un travaglio lungo che non ha senso mettere in piazza solo per dare alle persone la cronistoria dei propri sentimenti\u201d.<\/p>\n","protected":false},"excerpt":{"rendered":"C&#8217;\u00e8 anche Beatrice Arnera &#8211; attrice piemontese, ex fidanzata dell&#8217;attore comico Andrea Pisani. I due nel 2024 hanno&hellip;\n","protected":false},"author":3,"featured_media":424160,"comment_status":"","ping_status":"","sticky":false,"template":"","format":"standard","meta":{"footnotes":"","_share_on_mastodon":"0"},"categories":[1451],"tags":[88644,88645,41956,1621,1620,203,204,1537,90,89,376,78008],"class_list":["post-424159","post","type-post","status-publish","format-standard","has-post-thumbnail","category-celebrita","tag-andrea-pisani","tag-beatrice-arnera","tag-carlo-verdone","tag-celebrita","tag-celebrities","tag-entertainment","tag-intrattenimento","tag-it","tag-italia","tag-italy","tag-raoul-bova","tag-scuola-di-seduzione"],"share_on_mastodon":{"url":"https:\/\/pubeurope.com\/@it\/116334420743917913","error":""},"_links":{"self":[{"href":"https:\/\/www.europesays.com\/it\/wp-json\/wp\/v2\/posts\/424159","targetHints":{"allow":["GET"]}}],"collection":[{"href":"https:\/\/www.europesays.com\/it\/wp-json\/wp\/v2\/posts"}],"about":[{"href":"https:\/\/www.europesays.com\/it\/wp-json\/wp\/v2\/types\/post"}],"author":[{"embeddable":true,"href":"https:\/\/www.europesays.com\/it\/wp-json\/wp\/v2\/users\/3"}],"replies":[{"embeddable":true,"href":"https:\/\/www.europesays.com\/it\/wp-json\/wp\/v2\/comments?post=424159"}],"version-history":[{"count":0,"href":"https:\/\/www.europesays.com\/it\/wp-json\/wp\/v2\/posts\/424159\/revisions"}],"wp:featuredmedia":[{"embeddable":true,"href":"https:\/\/www.europesays.com\/it\/wp-json\/wp\/v2\/media\/424160"}],"wp:attachment":[{"href":"https:\/\/www.europesays.com\/it\/wp-json\/wp\/v2\/media?parent=424159"}],"wp:term":[{"taxonomy":"category","embeddable":true,"href":"https:\/\/www.europesays.com\/it\/wp-json\/wp\/v2\/categories?post=424159"},{"taxonomy":"post_tag","embeddable":true,"href":"https:\/\/www.europesays.com\/it\/wp-json\/wp\/v2\/tags?post=424159"}],"curies":[{"name":"wp","href":"https:\/\/api.w.org\/{rel}","templated":true}]}}