{"id":424287,"date":"2026-04-02T11:19:13","date_gmt":"2026-04-02T11:19:13","guid":{"rendered":"https:\/\/www.europesays.com\/it\/424287\/"},"modified":"2026-04-02T11:19:13","modified_gmt":"2026-04-02T11:19:13","slug":"bierhoff-italia-sei-rimasta-ferma-agli-anni-90-la-mia-germania-e-rinata-cosi","status":"publish","type":"post","link":"https:\/\/www.europesays.com\/it\/424287\/","title":{"rendered":"Bierhoff: &#8220;Italia, sei rimasta ferma agli Anni 90. La mia Germania \u00e8 rinata cos\u00ec&#8221;"},"content":{"rendered":"<p>                                L\u2019ex Milan: &#8220;Accademie per i giovani e investimenti sugli allenatori: cos\u00ec in dieci anni siamo usciti dalla crisi&#8221;<\/p>\n<p>\n                                                    dal nostro inviato\u00a0<br \/>\n                                                    Piefrancesco Archetti\n                            <\/p>\n<p>                    2 aprile &#8211; 11:18  &#8211; ZENICA (BOSNIA)<\/p>\n<p class=\"paragraph\" spellcheck=\"true\">&#8220;Ogni tanto penso che bisogna toccare il fondo per rimbalzare, forse la vostra sofferenza non \u00e8 stata abbastanza: le persone importanti del calcio italiano si devono mettere insieme, non importa se federazione, lega o altri, ma tutti quelli che amano il calcio si devono unire per migliorare questa situazione che non pu\u00f2 cambiare in sei mesi. Si partir\u00e0 penso con un nuovo allenatore, con un po\u2019 di entusiasmo per le qualificazioni europee, ma le basi vanno cambiate per risolvere i grandi problemi che l\u2019Italia ha adesso&#8221;. Oliver Bierhoff \u00e8 asciutto e diretto nell\u2019analisi del post Bosnia. L\u2019ex milanista, compagno anche di Gattuso, ha ricostruito il movimento tedesco quando nel 2004 divenne manager delle nazionale, restando in carica fino al 2022.\u00a0<\/p>\n<p class=\"paragraph\" spellcheck=\"true\"><b>Buongiorno Bierhoff, cosa significa per l\u2019Italia quest\u2019altra delusione?\u00a0<\/b><\/p>\n<p class=\"paragraph\" spellcheck=\"true\">&#8220;Non si pu\u00f2 credere che l\u2019Italia sia ancora fuori, ma se succede per la terza volta di fila non pu\u00f2 essere un caso. La vedo in due maniere: partita storta per quel cartellino rosso che l\u2019ha cambiata, la Bosnia ha preso coraggio e si \u00e8 fatta avanti. La seconda \u00e8 che l\u2019Italia non ha pi\u00f9 la qualit\u00e0 come una volta, se hai una buona squadra non puoi uscire cos\u00ec. Anche in queste condizioni per\u00f2 ci si aspetta che una squadra del genere si qualifichi ugualmente: per me \u00e8 un grande delusione&#8221;.\u00a0<\/p>\n<p class=\"paragraph\" spellcheck=\"true\">&#8220;L\u2019Italia ha problemi da tanto tempo, il successo all\u2019Europeo un po\u2019 lo ha mascherato, per\u00f2 \u00e8 stata la vittoria di un gruppo che si era sistemato nel modo giusto, non di qualit\u00e0 dei singoli. Se nella rosa di una nazionale ci sono giocatori richiesti dalle big d\u2019Europa, come succede per gli spagnoli o i portoghesi, \u00e8 il segnale che la nazionale \u00e8 forte. Ma nell\u2019Italia, con tutto il rispetto, non ci sono queste richieste e qualsiasi allenatore ha dei problemi&#8221;.\u00a0<\/p>\n<p class=\"paragraph\" spellcheck=\"true\">&#8220;Mi dispiace molto per lui. Doveva creare un gruppo unito, per quello che vedo io, la squadra lotta, ci mette il cuore come faceva lui da giocatore, per\u00f2 non basta: la differenza la fa la qualit\u00e0&#8221;.\u00a0<\/p>\n<p class=\"paragraph\" spellcheck=\"true\"><b>Tanti giovani delle juniores promettono ma non arrivano poi nella nazionale maggiore: perch\u00e9?\u00a0<\/b><\/p>\n<p class=\"paragraph\" spellcheck=\"true\">&#8220;Abbiamo studiato anche noi in Germania questo aspetto. Manca forse un po\u2019 di mentalit\u00e0 e cattiveria, la voglia di guadagnarsi tutto questo anche fuori di casa&#8221;.\u00a0<\/p>\n<p class=\"paragraph\" spellcheck=\"true\"><b>A ogni tonfo i discorsi si somigliano sempre, senza poi cambiare. Sar\u00e0 cos\u00ec anche adesso?\u00a0<\/b><\/p>\n<p class=\"paragraph\" spellcheck=\"true\">&#8220;Quello che mi preoccupa \u00e8 che l\u2019Italia era sempre famosa per buoni allenatori, buoni giocatori, ma sembra che sia stato perso il ritmo alto che serve nel calcio. Si \u00e8 fermata agli Anni 90. Il gioco \u00e8 cambiato, la preparazione anche, l\u2019intensit\u00e0 \u00e8 maggiore&#8221;.\u00a0<\/p>\n<p class=\"paragraph\" spellcheck=\"true\"><b>Voi in Germania siete famosi per esservi rialzati cambiando totalmente l\u2019impostazione dei settori giovanili. Come ci siete riusciti?\u00a0<\/b><\/p>\n<p class=\"paragraph\" spellcheck=\"true\">&#8220;All\u2019inizio del Duemila per superare una crisi abbiamo creato le accademie per i giovani, abbiamo migliorato l\u2019educazione degli allenatori, abbiamo cambiato i programmi, la filosofia, allo scopo di avere meno forza fisica, pi\u00f9 tecnica e tanti altri aspetti fondamentali, per\u00f2 ci abbiamo impiegato dieci anni. Verso il 2010 ci sono stati i frutti di questa politica e nel 2014 siamo diventati campioni del mondo. Ci vuole tempo. Non c\u2019\u00e8 la soluzione, il magico allenatore. Il problema \u00e8 che devi crescere i giocatori, dargli pi\u00f9 spazio e far s\u00ec che diventino pi\u00f9 bravi degli stranieri che giocano nel campionato&#8221;.\u00a0<\/p>\n<p class=\"paragraph\" spellcheck=\"true\"><b>Ma il dibattito tattico su un sistema a 3-5-2 poco coraggioso \u00e8 giusto?\u00a0<\/b><\/p>\n<p class=\"paragraph\" spellcheck=\"true\">&#8220;Un po\u2019 s\u00ec. Il calcio italiano \u00e8 sempre stato tatticamente molto forte, molto pignolo in certi aspetti, per\u00f2 si \u00e8 visto che il calcio \u00e8 cambiato. \u00c8 pi\u00f9 atletico, pi\u00f9 offensivo e in questo il vostro non si \u00e8 adeguato, \u00e8 rimasto indietro. Succede anche in Germania e anche in altri campi, pensi sempre di essere il numero uno poi vediamo nella nostra economia che altri Paesi che hanno pi\u00f9 voglia di migliorare diventano pi\u00f9 bravi. E nel calcio poi c\u2019\u00e8 un altro aspetto che conta molto&#8221;.\u00a0<\/p>\n<p><a class=\"is-partner-link\" href=\"https:\/\/aipredictor.gazzetta.it\/?intcmp=linkArticoloSerieA\" rel=\"nofollow noopener\" target=\"_blank\">Pronostici sulla Serie A generati dalla nostra IA. Prova gratis Gazzetta AI Predictor.<\/a><\/p>\n<p class=\"paragraph\" spellcheck=\"true\">&#8220;Prendiamo i francesi: migliorati molto grazie ai giocatori figli dell\u2019immigrazione. Anche noi ne abbiamo in Germania. L\u2019aspetto sociale conta molto, serve anche nel calcio di adesso: come stai, dove vuoi arrivare, quanto sei disposto a soffrire gi\u00e0 in et\u00e0 giovane. La fame degli ultimi arrivati. Serve a tutti, anche a voi&#8221;.<\/p>\n<p class=\"is-copyright\">\u00a9 RIPRODUZIONE RISERVATA<\/p>\n","protected":false},"excerpt":{"rendered":"L\u2019ex Milan: &#8220;Accademie per i giovani e investimenti sugli allenatori: cos\u00ec in dieci anni siamo usciti dalla crisi&#8221;&hellip;\n","protected":false},"author":3,"featured_media":424288,"comment_status":"","ping_status":"","sticky":false,"template":"","format":"standard","meta":{"footnotes":"","_share_on_mastodon":"0"},"categories":[1452],"tags":[102050,240935,240938,240939,1960,6095,4675,8788,160984,59559,23153,1267,721,23069,2554,2295,4023,7714,6075,822,5316,1740,3440,11332,3044,240936,3412,1598,1975,1537,90,1599,89,775,4964,6114,4966,3277,4963,2181,240937,2434,1739,245,244,1857,12022,5248,10022,6205],"class_list":["post-424287","post","type-post","status-publish","format-standard","has-post-thumbnail","category-calcio","tag-accademie","tag-accademie-giovani","tag-accademie-giovani-investimenti","tag-accademie-giovani-migliorato","tag-allenatore","tag-allenatori","tag-aspetti","tag-aspetto","tag-bierhoff","tag-bosnia","tag-bravi","tag-buoni","tag-calcio","tag-calcio-italiano","tag-cambiare","tag-cambiato","tag-conta","tag-crisi","tag-delusione","tag-devono","tag-dieci","tag-football","tag-forte","tag-gattuso","tag-germania","tag-germania-aspetto","tag-giocatori","tag-giovani","tag-giusto","tag-it","tag-italia","tag-italiano","tag-italy","tag-maggiore","tag-manca","tag-migliorare","tag-penso","tag-problemi","tag-qualita","tag-serve","tag-serve-calcio","tag-si","tag-soccer","tag-sport","tag-sports","tag-squadra","tag-succede","tag-tanti","tag-vedo","tag-voglia"],"share_on_mastodon":{"url":"","error":"Validation failed: Text character limit of 500 exceeded"},"_links":{"self":[{"href":"https:\/\/www.europesays.com\/it\/wp-json\/wp\/v2\/posts\/424287","targetHints":{"allow":["GET"]}}],"collection":[{"href":"https:\/\/www.europesays.com\/it\/wp-json\/wp\/v2\/posts"}],"about":[{"href":"https:\/\/www.europesays.com\/it\/wp-json\/wp\/v2\/types\/post"}],"author":[{"embeddable":true,"href":"https:\/\/www.europesays.com\/it\/wp-json\/wp\/v2\/users\/3"}],"replies":[{"embeddable":true,"href":"https:\/\/www.europesays.com\/it\/wp-json\/wp\/v2\/comments?post=424287"}],"version-history":[{"count":0,"href":"https:\/\/www.europesays.com\/it\/wp-json\/wp\/v2\/posts\/424287\/revisions"}],"wp:featuredmedia":[{"embeddable":true,"href":"https:\/\/www.europesays.com\/it\/wp-json\/wp\/v2\/media\/424288"}],"wp:attachment":[{"href":"https:\/\/www.europesays.com\/it\/wp-json\/wp\/v2\/media?parent=424287"}],"wp:term":[{"taxonomy":"category","embeddable":true,"href":"https:\/\/www.europesays.com\/it\/wp-json\/wp\/v2\/categories?post=424287"},{"taxonomy":"post_tag","embeddable":true,"href":"https:\/\/www.europesays.com\/it\/wp-json\/wp\/v2\/tags?post=424287"}],"curies":[{"name":"wp","href":"https:\/\/api.w.org\/{rel}","templated":true}]}}