{"id":424891,"date":"2026-04-02T19:39:14","date_gmt":"2026-04-02T19:39:14","guid":{"rendered":"https:\/\/www.europesays.com\/it\/424891\/"},"modified":"2026-04-02T19:39:14","modified_gmt":"2026-04-02T19:39:14","slug":"la-voce-di-sefora-rivive-in-una-canzone-a-dieci-anni-dalla-sua-scomparsa","status":"publish","type":"post","link":"https:\/\/www.europesays.com\/it\/424891\/","title":{"rendered":"La voce di Sefora rivive in una canzone a dieci anni dalla sua scomparsa"},"content":{"rendered":"<p>Ci sono canzoni che nascono per restare. Non solo per la loro melodia, ma per la storia che custodiscono, per le emozioni che riescono a trasmettere e per il legame profondo che rappresentano. E \u201cBrucia l\u2019amore\u201d \u00e8 una di queste.<\/p>\n<p><img loading=\"lazy\" decoding=\"async\" class=\"alignnone wp-image-312319 size-full\" src=\"https:\/\/www.europesays.com\/it\/wp-content\/uploads\/2026\/04\/Brucia-lamore.jpeg\" alt=\"\" width=\"300\" height=\"300\"\/><\/p>\n<p>Una canzone fa risplendere la voce di Sefora<\/p>\n<p>Il nuovo singolo firmato da <strong>Luca Sala<\/strong> non \u00e8 soltanto un progetto musicale, ma un vero e proprio viaggio tra passato e presente, capace di trasformare il ricordo in qualcosa di vivo, intenso e sorprendente. Un\u2019opera che affonda le sue radici in una storia autentica fatta di amicizia, talento e connessioni che nemmeno il tempo riesce a spezzare.<\/p>\n<p>Autore e produttore di grande esperienza, Sala \u2013 gi\u00e0 vincitore del Festival di Sanremo 2012 con \u201cNon \u00e8 l\u2019inferno\u201d, portata al successo da <strong>Emma Marrone<\/strong> \u2013 vanta collaborazioni con grandi nomi della musica italiana come <strong>Eros Ramazzotti<\/strong>, <strong>Sal Da Vinci<\/strong> e i Tiromancino.<\/p>\n<p>Oggi torna con un progetto profondamente personale. Al centro di tutto c\u2019\u00e8 <strong>Sefora Marino<\/strong>, artista di <a href=\"https:\/\/primalamartesana.it\/notizie-comune\/carugate\/\" target=\"_blank\" rel=\"noopener nofollow\">Carugate<\/a> intensa e sensibile, <a href=\"https:\/\/primalamartesana.it\/altro\/sefora-diplomata-scomparsa-18-anni\/\" target=\"_blank\" rel=\"noopener nofollow\">scomparsa a soli 18 anni nel 2016<\/a> e ancora fortemente presente nel cuore di chi l\u2019ha conosciuta.<\/p>\n<p>\u201cFino all\u2019ultimo con il sorriso\u201d<\/p>\n<blockquote>\n<p>\u201cNonostante la malattia, Sefora non ha mai smesso di cantare, studiare e inseguire il suo sogno, affrontando ogni giorno con il sorriso e una straordinaria caparbiet\u00e0 che l\u2019hanno resa un esempio per tutti\u201d, ha sottolineato, con orgoglio, lo stesso Sala.<\/p>\n<\/blockquote>\n<p>\u201cBrucia l\u2019amore\u201d, infatti, nasce da registrazioni vocali realizzate oltre un decennio fa: frammenti di voce ed emozioni sospese nel tempo che oggi trovano una nuova forma e una nuova luce. Il risultato \u00e8 un brano, gi\u00e0 disponibile sulla piattaforma online Spotify, che emoziona sin dal primo ascolto, capace di raccontare una storia vera, fatta di sogni condivisi e di un legame artistico e umano che continua a vivere.<\/p>\n<p>Un brano che racconta una rinascita<\/p>\n<p>Non si tratta solo di nostalgia, ma di una rinascita. La voce di Sefora torna a vibrare, si intreccia con la produzione contemporanea e d\u00e0 vita a qualcosa di unico: un ponte tra ci\u00f2 che \u00e8 stato e ci\u00f2 che continua a essere. \u201cBrucia l\u2019amore\u201d \u00e8 pi\u00f9 di una canzone: \u00e8 una testimonianza. \u00c8 la prova che la musica pu\u00f2 superare ogni confine, anche quello del tempo, e trasformare un ricordo in presenza. Un progetto che tocca le corde pi\u00f9 profonde dell\u2019anima e invita chi ascolta a lasciarsi attraversare dalle emozioni pi\u00f9 autentiche. Perch\u00e9 certe voci non smettono mai di cantare. E certi legami non smettono mai di esistere.<\/p>\n<p>La mamma Lilly: \u201cE\u2019 ancora con me, la sento ogni giorno\u201d<\/p>\n<p>Accanto al singolo, prende forma anche il racconto racchiuso nel libro \u201cCarezze dal cielo\u201d, scritto da <strong>Lilly<\/strong>, madre di Sefora. Un\u2019opera intima e delicata che intreccia memoria, affetto e spiritualit\u00e0, offrendo uno sguardo profondo su una storia che continua a emozionare. \u00abSefora \u00e8 ancora con me, la sento ogni giorno, sento la sua presenza \u2013 ha raccontato la donna \u2013 Non se ne \u00e8 mai andata\u00bb.<\/p>\n","protected":false},"excerpt":{"rendered":"Ci sono canzoni che nascono per restare. Non solo per la loro melodia, ma per la storia che&hellip;\n","protected":false},"author":3,"featured_media":424892,"comment_status":"","ping_status":"","sticky":false,"template":"","format":"standard","meta":{"footnotes":"","_share_on_mastodon":"0"},"categories":[1443],"tags":[146190,203,204,1537,90,89,1538,1539],"class_list":["post-424891","post","type-post","status-publish","format-standard","has-post-thumbnail","category-musica","tag-carugate","tag-entertainment","tag-intrattenimento","tag-it","tag-italia","tag-italy","tag-music","tag-musica"],"share_on_mastodon":{"url":"https:\/\/pubeurope.com\/@it\/116336811712814020","error":""},"_links":{"self":[{"href":"https:\/\/www.europesays.com\/it\/wp-json\/wp\/v2\/posts\/424891","targetHints":{"allow":["GET"]}}],"collection":[{"href":"https:\/\/www.europesays.com\/it\/wp-json\/wp\/v2\/posts"}],"about":[{"href":"https:\/\/www.europesays.com\/it\/wp-json\/wp\/v2\/types\/post"}],"author":[{"embeddable":true,"href":"https:\/\/www.europesays.com\/it\/wp-json\/wp\/v2\/users\/3"}],"replies":[{"embeddable":true,"href":"https:\/\/www.europesays.com\/it\/wp-json\/wp\/v2\/comments?post=424891"}],"version-history":[{"count":0,"href":"https:\/\/www.europesays.com\/it\/wp-json\/wp\/v2\/posts\/424891\/revisions"}],"wp:featuredmedia":[{"embeddable":true,"href":"https:\/\/www.europesays.com\/it\/wp-json\/wp\/v2\/media\/424892"}],"wp:attachment":[{"href":"https:\/\/www.europesays.com\/it\/wp-json\/wp\/v2\/media?parent=424891"}],"wp:term":[{"taxonomy":"category","embeddable":true,"href":"https:\/\/www.europesays.com\/it\/wp-json\/wp\/v2\/categories?post=424891"},{"taxonomy":"post_tag","embeddable":true,"href":"https:\/\/www.europesays.com\/it\/wp-json\/wp\/v2\/tags?post=424891"}],"curies":[{"name":"wp","href":"https:\/\/api.w.org\/{rel}","templated":true}]}}