{"id":424893,"date":"2026-04-02T19:40:16","date_gmt":"2026-04-02T19:40:16","guid":{"rendered":"https:\/\/www.europesays.com\/it\/424893\/"},"modified":"2026-04-02T19:40:16","modified_gmt":"2026-04-02T19:40:16","slug":"genova-brasile-a-remi-ora-un-film","status":"publish","type":"post","link":"https:\/\/www.europesays.com\/it\/424893\/","title":{"rendered":"Genova-Brasile a remi, ora un film"},"content":{"rendered":"\n<p>Nel 2006 una barca a remi impieg\u00f2 227 giorni, in oltre 11 mila chilometri, per una sfida senza precedenti: partire da Genova e arrivare a Fortaleza, in Brasile, lungo il Mar Mediterraneo e l\u2019Oceano Atlantico; a guidarla c\u2019era Alex Bellini, uno degli esploratori e divulgatori ambientali oggi pi\u00f9 riconosciuti in Italia. A vent\u2019anni da quei giorni, l\u2019esperienza rivive in \u201cRotta\u201d, il documentario di Alex Bellini e Francesco Clerici, con le riprese originali in miniDV e una rilettura di quei momenti dell\u2019intelligenza artificiale: il film sar\u00e0 presentato in anteprima assoluta al 74esimo Trento Film Festival, il prossimo 28 aprile, al cinema Modena alle 18.45. Il documentario \u00e8 prodotto da 5th Element, con il supporto di Apf Valtellina, distribuito da Nieminen Film. Il viaggio \u00e8 stato raccontato anche nel libro \u201cMi chiamavano montanaro\u201d, scritto da Alex ed edito nel 2007, che per l\u2019occasione viene oggi riedito per Sonzogno, in uscita il 10 aprile 2026, con il titolo \u201cPensa se non ci avessi provato\u201d.<\/p>\n<p>L\u2019impresa di Alex Bellini non \u00e8 immediata: dopo due tentativi falliti, uno dei quali si conclude con un naufragio sull\u2019isola di Formentera, riesce nel suo obiettivo al terzo tentativo. Durante la traversata affronta momenti di profonda crisi interiore, cinque giorni di digiuno e una condizione costante di rischio e isolamento. L\u2019arrivo &#8211; insperato &#8211; sulle coste brasiliane completa un viaggio di avventura estrema mai tentato prima. Il film documentario rilegge quell\u2019esperienza utilizzando esclusivamente le riprese originali in miniDV, affiancate da uno sguardo contemporaneo rappresentato da un\u2019intelligenza artificiale. Questo dispositivo osserva, analizza e tenta di comprendere cosa spinga una persona a spingersi cos\u00ec lontano, mossa da una sete inestinguibile di conoscenza, affrontando l\u2019ignoto come forma di esplorazione di s\u00e9. \u00abCi sono avventure che lasciano il segno, che creano un solco cos\u00ec profondo da diventare spartiacque\u00bb ha dichiarato Bellini, \u00abil viaggio qui raccontato non fa eccezione: nei mesi in mezzo all\u2019oceano, ho iniziato a scorgere con maggiore chiarezza alcuni dettagli che nella mia esistenza sulla terraferma restavano spesso fuori fuoco. In termini di sviluppo personale il viaggio \u00e8 accaduto proprio a cavallo di due epoche anch\u2019esse spartiacque: quella dell\u2019adolescenza e quella dell\u2019et\u00e0 adulta. In mancanza di un\u2019alternativa sempre pi\u00f9 difficile da trovare per un adolescente dell\u2019epoca moderna, l\u2019impresa \u00e8 stata la mia forma personale di attraversamento, di rituale di iniziazione. Un altro importante fattore che distingue questa avventura da tutto ci\u00f2 che avevo vissuto prima \u00e8 che in questo viaggio non mi sono limitato al ruolo di spettatore della mia vita, non ho lasciato che le cose mi accadessero, ma ne sono stato il protagonista. In altre parole, il viaggio \u00e8 stato un laboratorio dell\u2019esistenza, dove ho allenato la capacit\u00e0 di reagire, di adattarmi, di scegliere, dirigere la mia vita e di rendere chiaro ci\u00f2 che non era ancora manifesto\u00bb. Alex Bellini da oltre vent\u2019anni attraversa alcuni dei territori pi\u00f9 estremi del pianeta: dalle traversate a remi dell\u2019Atlantico e del Pacifico alle spedizioni sui grandi ghiacciai \u2014 come il Vatnaj\u00f6kull, il pi\u00f9 esteso d\u2019Europa. Negli ultimi anni ha esteso questo sguardo alle grandi questioni ambientali globali. Con il progetto 10 Rivers 1 Ocean ha navigato su zattere auto-costruite i fiumi pi\u00f9 inquinati di plastica al mondo, mentre dal 2024 \u00e8 impegnato in Eyes on Ice per raccontare gli effetti dei cambiamenti climatici nelle regioni polari e sulle comunit\u00e0 che le abitano.<\/p>\n","protected":false},"excerpt":{"rendered":"Nel 2006 una barca a remi impieg\u00f2 227 giorni, in oltre 11 mila chilometri, per una sfida senza&hellip;\n","protected":false},"author":3,"featured_media":424894,"comment_status":"","ping_status":"","sticky":false,"template":"","format":"standard","meta":{"footnotes":"","_share_on_mastodon":"0"},"categories":[1442],"tags":[241200,241198,132522,1615,640,78912,1644,203,454,241199,204,1537,90,89,964,1521,241201,2259,2258,241202,245,1567,48452],"class_list":["post-424893","post","type-post","status-publish","format-standard","has-post-thumbnail","category-film","tag-5th-element","tag-alex-bellini","tag-apf-valtellina","tag-arte","tag-cinema","tag-clara-castoldi","tag-cultura","tag-entertainment","tag-film","tag-francesco-clerici","tag-intrattenimento","tag-it","tag-italia","tag-italy","tag-morte","tag-movies","tag-nieminen-film","tag-questioni-sociali-generico","tag-sociale","tag-sonzogno","tag-sport","tag-storia","tag-vela"],"share_on_mastodon":{"url":"https:\/\/pubeurope.com\/@it\/116336815428193853","error":""},"_links":{"self":[{"href":"https:\/\/www.europesays.com\/it\/wp-json\/wp\/v2\/posts\/424893","targetHints":{"allow":["GET"]}}],"collection":[{"href":"https:\/\/www.europesays.com\/it\/wp-json\/wp\/v2\/posts"}],"about":[{"href":"https:\/\/www.europesays.com\/it\/wp-json\/wp\/v2\/types\/post"}],"author":[{"embeddable":true,"href":"https:\/\/www.europesays.com\/it\/wp-json\/wp\/v2\/users\/3"}],"replies":[{"embeddable":true,"href":"https:\/\/www.europesays.com\/it\/wp-json\/wp\/v2\/comments?post=424893"}],"version-history":[{"count":0,"href":"https:\/\/www.europesays.com\/it\/wp-json\/wp\/v2\/posts\/424893\/revisions"}],"wp:featuredmedia":[{"embeddable":true,"href":"https:\/\/www.europesays.com\/it\/wp-json\/wp\/v2\/media\/424894"}],"wp:attachment":[{"href":"https:\/\/www.europesays.com\/it\/wp-json\/wp\/v2\/media?parent=424893"}],"wp:term":[{"taxonomy":"category","embeddable":true,"href":"https:\/\/www.europesays.com\/it\/wp-json\/wp\/v2\/categories?post=424893"},{"taxonomy":"post_tag","embeddable":true,"href":"https:\/\/www.europesays.com\/it\/wp-json\/wp\/v2\/tags?post=424893"}],"curies":[{"name":"wp","href":"https:\/\/api.w.org\/{rel}","templated":true}]}}