{"id":425137,"date":"2026-04-02T23:07:12","date_gmt":"2026-04-02T23:07:12","guid":{"rendered":"https:\/\/www.europesays.com\/it\/425137\/"},"modified":"2026-04-02T23:07:12","modified_gmt":"2026-04-02T23:07:12","slug":"sagan-parla-di-pogacar-e-provoca-ciclismo-noioso","status":"publish","type":"post","link":"https:\/\/www.europesays.com\/it\/425137\/","title":{"rendered":"Sagan parla di Pogacar e provoca, &#8220;ciclismo noioso&#8221;"},"content":{"rendered":"<p><strong>Tadej Pogacar sta dominando l\u2019universo ciclistico:<\/strong> ha vinto quattro Tour de France, nel 2024 ha firmato la doppietta Giro d\u2019Italia-Tour che mancava dai tempi di Marco Pantani, si \u00e8 laureato Campione del Mondo per due volte consecutive e ha fatto incetta di Classiche Monumento. Un paio di settimane fa si \u00e8 imposto alla Milano-Sanremo per la prima volta in carriera e ora all\u2019appello manca la Parigi-Roubaix, tassello che prover\u00e0 a colmare il prossimo 12 aprile.<\/p>\n<p>Prima di cimentarsi nell\u2019Inferno del Nord, il fuoriclasse sloveno <strong>cercher\u00e0 di trionfare al Giro delle Fiandre<\/strong>, in programma a Pasqua, e di tenere cos\u00ec vivo il sogno di imporsi in tutte le Monumento nella stessa stagione, impresa mai riuscita nella storia del pedale. Il modo di correre del capitano dell\u2019UAE Team affascina tanti appassionati, ma spesso <strong>il canovaccio \u00e8 ben noto e l\u2019epilogo delle gare appare a volte scontate. Sul tema \u00e8 intervenuto lo slovacco Peter Sagan<\/strong>, tre volte Campione del Mondo-<\/p>\n<p>Il 36enne ne ha parlato in un\u2019intervista concessa a Het Nieuwsblad: \u201cA meno che non gli taglino le gambe prima di domenica, chi potr\u00e0 batterlo? Dovrebbero semplicemente lasciarlo gareggiare in una categoria a parte. Il World Tour \u00e8 troppo piccolo per lui. Per questo motivo, in un certo senso rende il ciclismo noioso. Non si pu\u00f2 dire altrimenti\u201c.<\/p>\n<p><strong>Peter Sagan ha sostenuto il suo ragionamento parlando della Classicissima di Primavera<\/strong>: \u201cC\u2019\u00e8 una sola ragione per cui la Milano-Sanremo \u00e8 stata interessante quest\u2019anno: perch\u00e9 \u00e8 caduto e all\u2019improvviso abbiamo avuto una bella battaglia. Nemmeno io avrei mai pensato che avrebbe attaccato ancora sulla Cipressa dopo la sua caduta, ma Tadej Pogacar \u00e8 abbastanza folle da fare anche questo. A volte si dice che le corse non siano come giocare alla PlayStation. Per lui invece lo sono. Anzi, sono persino pi\u00f9 facili. Solo che, per quanto fosse bello da vedere alla Milano-Sanremo, il resto del tempo \u00e8 altrettanto noioso\u201c.<\/p>\n<p><strong>Lo slovacco ha poi proseguito:<\/strong> \u201cTadej Pogacar se ne va a 120 km dall\u2019arrivo. I tempi sono cambiati. Io ero molto pi\u00f9 intelligente. Mi piaceva vincere le gare, ma non mi piaceva soffrire. Se potevo scegliere tra un attacco da lontano o restare nel gruppo per altri 50 km e poi attaccare, sceglievo la seconda opzione. Era pi\u00f9 facile. Meno dolore\u201c.<\/p>\n","protected":false},"excerpt":{"rendered":"Tadej Pogacar sta dominando l\u2019universo ciclistico: ha vinto quattro Tour de France, nel 2024 ha firmato la doppietta&hellip;\n","protected":false},"author":3,"featured_media":425138,"comment_status":"","ping_status":"","sticky":false,"template":"","format":"standard","meta":{"footnotes":"","_share_on_mastodon":"0"},"categories":[1456],"tags":[1824,1825,1537,90,89,87377,245,244,1531],"class_list":["post-425137","post","type-post","status-publish","format-standard","has-post-thumbnail","category-ciclismo","tag-ciclismo","tag-cycling","tag-it","tag-italia","tag-italy","tag-peter-sagan","tag-sport","tag-sports","tag-tadej-pogacar"],"share_on_mastodon":{"url":"https:\/\/pubeurope.com\/@it\/116337629356215716","error":""},"_links":{"self":[{"href":"https:\/\/www.europesays.com\/it\/wp-json\/wp\/v2\/posts\/425137","targetHints":{"allow":["GET"]}}],"collection":[{"href":"https:\/\/www.europesays.com\/it\/wp-json\/wp\/v2\/posts"}],"about":[{"href":"https:\/\/www.europesays.com\/it\/wp-json\/wp\/v2\/types\/post"}],"author":[{"embeddable":true,"href":"https:\/\/www.europesays.com\/it\/wp-json\/wp\/v2\/users\/3"}],"replies":[{"embeddable":true,"href":"https:\/\/www.europesays.com\/it\/wp-json\/wp\/v2\/comments?post=425137"}],"version-history":[{"count":0,"href":"https:\/\/www.europesays.com\/it\/wp-json\/wp\/v2\/posts\/425137\/revisions"}],"wp:featuredmedia":[{"embeddable":true,"href":"https:\/\/www.europesays.com\/it\/wp-json\/wp\/v2\/media\/425138"}],"wp:attachment":[{"href":"https:\/\/www.europesays.com\/it\/wp-json\/wp\/v2\/media?parent=425137"}],"wp:term":[{"taxonomy":"category","embeddable":true,"href":"https:\/\/www.europesays.com\/it\/wp-json\/wp\/v2\/categories?post=425137"},{"taxonomy":"post_tag","embeddable":true,"href":"https:\/\/www.europesays.com\/it\/wp-json\/wp\/v2\/tags?post=425137"}],"curies":[{"name":"wp","href":"https:\/\/api.w.org\/{rel}","templated":true}]}}