{"id":425431,"date":"2026-04-03T03:51:16","date_gmt":"2026-04-03T03:51:16","guid":{"rendered":"https:\/\/www.europesays.com\/it\/425431\/"},"modified":"2026-04-03T03:51:16","modified_gmt":"2026-04-03T03:51:16","slug":"la-richiesta-del-figlio-di-caterina-balivo-8-corinne-clery-punge-8","status":"publish","type":"post","link":"https:\/\/www.europesays.com\/it\/425431\/","title":{"rendered":"la richiesta del figlio di Caterina Balivo (8), Corinne Clery punge (8)"},"content":{"rendered":"<p>Gioved\u00ec pomeriggio all\u2019insegna della cronaca rosa, tra tradimenti, confessioni a cuore aperto e parentesi musicali a <strong>La Volta Buona<\/strong>. Il salotto televisivo di <strong>Caterina Balivo<\/strong> si conferma ancora una volta un contenitore capace di mescolare registri diversi, passando con disinvoltura dal gossip pi\u00f9 acceso alle storie di persone comuni, fino a momenti di spettacolo dal sapore leggero.\n<\/p>\n<p>L\u2019accusa di Corinne Clery all\u2019ex fidanzato Angelo. Voto 8<\/p>\n<p>Schietta, diretta, senza filtri: <strong>Corinne Clery<\/strong> resta fedele a s\u00e9 stessa e firma a La Volta Buona una prova di carattere che merita un solido otto. L\u2019attrice francese non si tira indietro davanti alle <strong>critiche dell\u2019ex fidanzato Angelo Costabile<\/strong> \u2013 che si \u00e8 lamentato di essere stato definito \u201cun diversivo\u201d \u2013 e risponde con quella franchezza che, nel bene e nel male, \u00e8 da sempre il suo tratto distintivo. Nessuna diplomazia di facciata ma solo la sua versione dei fatti, raccontata con lucidit\u00e0 e un pizzico di veleno.<\/p>\n<p>Nel ripercorrere la relazione ormai conclusa, la Clery non indulge nella nostalgia. Parla di una storia \u201ccarina\u201d, s\u00ec, ma con <strong>una scadenza<\/strong> gi\u00e0 scritta, quasi fosse destinata a consumarsi senza lasciare strascichi. \u201cDopo otto anni che ci siamo lasciati\u2026 lo trovo surreale. Ma lui in tutti questi anni non \u00e8 riuscito ad avere un posto nella televisione e adesso mi fa tenerezza\u201d.<\/p>\n<p>E per questo qualche scoria resta, soprattutto quando la 76enne assicura che, negli ultimi tempi della relazione, <strong>lui avrebbe cercato visibilit\u00e0 anche attraverso i paparazzi.<\/strong> Un\u2019accusa che suona come una stoccata elegante ma affilata, perfettamente in linea con il suo stile.<\/p>\n<p>\u201cNegli ultimi anni della nostra storia l\u2019ho sorpreso a beccare i paparazzi, quando ha capito che stava finendo magari voleva farsi pubblicit\u00e0\u201d, racconta a <a href=\"https:\/\/dilei.it\/star-e-vip\/caterina-balivo\/\" data-doctype=\"\" rel=\"nofollow noopener\" target=\"_blank\">Caterina Balivo.<\/a><\/p>\n<p>\u201cSono una donna intraprendente, che rompe gli schemi\u201d, rivendica Corinne e come sempre mezze misure. Un messaggio chiaro, che suona quasi come un invito \u2013 o forse una sfida \u2013 rivolto all\u2019ex: fare altrettanto e <strong>trovare una propria strada<\/strong> senza restare ancorati al passato.<\/p>\n<p>Certo, la diplomazia non \u00e8 il suo punto forte e qualche frase potrebbe apparire tagliente. Ma \u00e8 proprio questa autenticit\u00e0 a renderla riconoscibile, lontana da qualsiasi costruzione artificiale. Corinne Clery non si piega: dice semplicemente quello che pensa e se ne assume la responsabilit\u00e0. <strong>Promossa, con personalit\u00e0.<\/strong><\/p>\n<p>Le storie comuni a La Volta Buona. Voto 7<\/p>\n<p>Non solo personaggi famosi, a La Volta Buona si raccontano anche storie di persone comuni. Come quella della coppia in attesa di un figlio che fa chiacchierare per la differenza d\u2019et\u00e0, 28 anni lei, 51 anni lui. Un racconto che incuriosisce, fa discutere e strizza l\u2019occhio a quel tipo di narrazione popolare che \u00e8 ormai diventata la cifra stilistica della trasmissione di Caterina Balivo.<\/p>\n<p>L\u2019ennesimo elemento che<strong> richiama al salotto di Barbara D\u2019Urso<\/strong>: stessa voglia di mescolare storie comuni e dinamiche emotive, con quel gusto per il racconto che punta molto al coinvolgimento. Non un difetto, anzi. In un panorama televisivo spesso ingessato, questo \u201csprazzo di colore sulla dura via\u201d \u2013 parafrasando Churchill \u2013 finisce per funzionare, portando leggerezza e un pizzico di imprevedibilit\u00e0.<\/p>\n<p>Il risultato resta comunque efficace: intrattiene, fa parlare e, nel suo piccolo, accompagna il pubblico in quel territorio a met\u00e0 tra racconto e spettacolo. Un perfetto equilibrio e non a caso La Volta Buona \u00e8 stato gi\u00e0 <a href=\"https:\/\/dilei.it\/spettacolo\/la-volta-buona-ascolti-crescita-caterina-balivo-confermata\/2219188\/\" data-doctype=\"\" rel=\"nofollow noopener\" target=\"_blank\">rinnovato per la prossima stagione.<\/a><\/p>\n<p>La richiesta del figlio di Caterina Balivo. Voto 8<\/p>\n<p>Durante la puntata, tra un servizio e l\u2019altro, arriva anche <strong>il collegamento con Milly Carlucci<\/strong>. Un ingresso calibrato, che porta con s\u00e9 non solo le anticipazioni di Canzonissima, ma anche quel tono garbato e professionale che da sempre contraddistingue la conduttrice Rai.<\/p>\n<p>E qui nasce un siparietto con Caterina Balivo tutto giocato sulla spontaneit\u00e0. <strong>\u201cMio figlio mi ha chiesto: ma Milly lavora pure il sabato santo?\u201d,<\/strong> racconta Cate, strappando subito un sorriso. La risposta della Carlucci \u00e8 pronta e affilata al punto giusto: \u201cCerto, anche tu Caterina\u201d. Milly ha fortemente voluto la collega pi\u00f9 giovane nella giuria del suo nuovo programma, in onda ogni sabato sera su Rai 1.<\/p>\n<p>Cos\u00ec la Balivo sta al gioco e, applaudendo, rilancia con sincerit\u00e0: <strong>\u201cApriremo un uovo di Pasqua a mezzanotte\u201d.<\/strong> \u00c8 qui che il momento trova la sua cifra migliore, decisamente pi\u00f9 familiare e reale. Non solo promozione televisiva, ma uno scambio che racconta il dietro le quinte di <strong>un mestiere fatto anche di sacrifici,<\/strong> festivit\u00e0 comprese. Il risultato \u00e8 un segmento breve ma efficace, che unisce intrattenimento e complicit\u00e0 tra due volti della tv molto amati.<\/p>\n<p>Mariana Rodriguez pi\u00f9 spumeggiante che mai. Voto 8<\/p>\n<p>Nota di merito per <strong>Mariana Rodriguez<\/strong>, che a La Volta Buona si conferma presenza brillante e perfettamente a suo agio nel meccanismo del salotto televisivo. Lontani i tempi delle campane tibetane e delle tensioni con Valeria Marini alla prima edizione del Grande Fratello Vip: l\u2019attrice e modella venezuelana mostra una maturit\u00e0 diversa, pi\u00f9 leggera ma anche pi\u00f9 consapevole.<\/p>\n<p>Non \u00e8 la prima volta che \u00e8 ospite di Caterina Balivo ma anche oggi la Rodriguez riesce a calibrare con il giusto equilibrio tra intrattenimento e contenuto. <strong>Mariana sa essere ironica, divertente, spumeggiante.<\/strong><\/p>\n<p>Gioca con i temi pi\u00f9 leggeri \u2013 come le paparazzate e il gossip, ormai un tratto distintivo de La Volta Buona \u2013 senza perdere il sorriso, ma quando serve cambia registro con naturalezza, portando riflessioni meno superficiali.<\/p>\n<p>Interessante, ad esempio, il suo invito a <strong>smussare un certo snobismo<\/strong> nel cinema italiano, tema che affronta con la credibilit\u00e0 di chi ha lavorato recentemente al fianco di Checco Zalone. <a href=\"https:\/\/dilei.it\/star-e-vip\/mariana-rodriguez\/\" data-doctype=\"\" rel=\"nofollow noopener\" target=\"_blank\">Mariana Rodriguez<\/a> \u00e8 stata infatti la protagonista femminile dell\u2019ultimo film dell\u2019artista pugliese: <a href=\"https:\/\/dilei.it\/spettacolo\/buen-camino-film-piu-visto-secolo\/2138142\/\" data-doctype=\"\" rel=\"nofollow noopener\" target=\"_blank\">Buen Camino<\/a>. Un passaggio, quello di Mariana, che aggiunge un certo spessore.<\/p>\n<p>E poi le opinioni, che vengono espresse senza timore. Come quando si sbilancia sul <strong>cambiamento sentimentale di Elodie<\/strong>, leggendo nella sua relazione con Franceska Nuredini una nuova autenticit\u00e0: \u201cLa vedo pi\u00f9 innamorata con lei che con tutti i suoi ex\u201d, ribadisce la sudamericana. Una dichiarazione diretta, che non cerca consenso ma apre alla discussione.<\/p>\n<p>Mariana Rodriguez convince perch\u00e9 \u00e8 esattamente ci\u00f2 che \u00e8: spontanea, vivace, travolgente e sicuramente capace di stare in scena senza forzature. Un contributo che indubbiamente <strong>arricchisce il programma<\/strong>, con brio e al tempo stesso carattere.<\/p>\n<p>\t\t\t\tScopri i personaggi in trend, le storie del momento e molto altro.<br \/>Dove? Sul <a href=\"https:\/\/whatsapp.com\/channel\/0029Vb68mVyHVvTWezDm7d0R\" target=\"_blank\" rel=\"noopener nofollow\">canale WhatsApp di DiLei!<\/a><\/p>\n<p>\t\t\t<a class=\"buttonCall\" href=\"https:\/\/whatsapp.com\/channel\/0029Vb68mVyHVvTWezDm7d0R\" target=\"_blank\" rel=\"noopener nofollow\" title=\"Seguici su WhatsApp\"><br \/>\n\t\t\t\tSeguici su WhatsApp<br \/>\n\t\t\t<\/a><\/p>\n","protected":false},"excerpt":{"rendered":"Gioved\u00ec pomeriggio all\u2019insegna della cronaca rosa, tra tradimenti, confessioni a cuore aperto e parentesi musicali a La Volta&hellip;\n","protected":false},"author":3,"featured_media":425432,"comment_status":"","ping_status":"","sticky":false,"template":"","format":"standard","meta":{"footnotes":"","_share_on_mastodon":"0"},"categories":[174],"tags":[39049,25478,203,2799,204,1537,90,89,214,377,378],"class_list":["post-425431","post","type-post","status-publish","format-standard","has-post-thumbnail","category-intrattenimento","tag-caterina-balivo","tag-corinne-clery","tag-entertainment","tag-gossip","tag-intrattenimento","tag-it","tag-italia","tag-italy","tag-spettacolo","tag-tradimenti","tag-vita-di-coppia"],"share_on_mastodon":{"url":"https:\/\/pubeurope.com\/@it\/116338746094281220","error":""},"_links":{"self":[{"href":"https:\/\/www.europesays.com\/it\/wp-json\/wp\/v2\/posts\/425431","targetHints":{"allow":["GET"]}}],"collection":[{"href":"https:\/\/www.europesays.com\/it\/wp-json\/wp\/v2\/posts"}],"about":[{"href":"https:\/\/www.europesays.com\/it\/wp-json\/wp\/v2\/types\/post"}],"author":[{"embeddable":true,"href":"https:\/\/www.europesays.com\/it\/wp-json\/wp\/v2\/users\/3"}],"replies":[{"embeddable":true,"href":"https:\/\/www.europesays.com\/it\/wp-json\/wp\/v2\/comments?post=425431"}],"version-history":[{"count":0,"href":"https:\/\/www.europesays.com\/it\/wp-json\/wp\/v2\/posts\/425431\/revisions"}],"wp:featuredmedia":[{"embeddable":true,"href":"https:\/\/www.europesays.com\/it\/wp-json\/wp\/v2\/media\/425432"}],"wp:attachment":[{"href":"https:\/\/www.europesays.com\/it\/wp-json\/wp\/v2\/media?parent=425431"}],"wp:term":[{"taxonomy":"category","embeddable":true,"href":"https:\/\/www.europesays.com\/it\/wp-json\/wp\/v2\/categories?post=425431"},{"taxonomy":"post_tag","embeddable":true,"href":"https:\/\/www.europesays.com\/it\/wp-json\/wp\/v2\/tags?post=425431"}],"curies":[{"name":"wp","href":"https:\/\/api.w.org\/{rel}","templated":true}]}}