{"id":425661,"date":"2026-04-03T08:12:15","date_gmt":"2026-04-03T08:12:15","guid":{"rendered":"https:\/\/www.europesays.com\/it\/425661\/"},"modified":"2026-04-03T08:12:15","modified_gmt":"2026-04-03T08:12:15","slug":"gattuso-ct-azzurro-fino-a-giugno-la-richiesta-della-figc","status":"publish","type":"post","link":"https:\/\/www.europesays.com\/it\/425661\/","title":{"rendered":"Gattuso ct azzurro fino a giugno? La richiesta della Figc"},"content":{"rendered":"<p>                                Rino potrebbe guidare  l\u2019Italia in due  amichevoli  (con i giovani):  risponder\u00e0 dopo Pasqua. In caso di no, pronto il ct dell&#8217;Under 21 Baldini<\/p>\n<p>            <a class=\"image is-50x50\" href=\"https:\/\/www.gazzetta.it\/redazione\/fabio-licari\/\" rel=\"nofollow noopener\" target=\"_blank\"><br \/>\n                <img decoding=\"async\" class=\"is-rounded\" src=\"https:\/\/www.europesays.com\/it\/wp-content\/uploads\/2025\/10\/1761730030_497_omino.png\" alt=\"Fabio Licari\"\/><br \/>\n            <\/a><\/p>\n<p>Giornalista<\/p>\n<p>                    3 aprile &#8211; 08:35  &#8211; MILANO<\/p>\n<p class=\"paragraph\" spellcheck=\"true\">Uno \u00e8 gi\u00e0 via, l\u2019altro ci sta pensando. Vent\u2019anni fa sarebbero diventati  campioni del mondo, oggi sono in lacrime per la Nazionale. Gigi Buffon s\u2019\u00e8 dimesso ieri, voleva farlo alla fine di Bosnia-Italia e non ha resistito a lungo. Uno istintivo, si sa. Rino Gattuso al momento \u00e8 a Marbella con la famiglia. Sta smaltendo rabbia e delusione, ma soprattutto sta riflettendo. Perch\u00e9 ha sempre un contratto fino a giugno e la Federcalcio gli ha chiesto di restare come traghettatore delle due amichevoli, il ruolo ricoperto da Gigi Di Biagio nel marzo 2018 prima dell\u2019arrivo di Mancini. Il ct non ha ancora risposto, rimandando la decisione a dopo Pasqua. Non sar\u00e0 facile.\u00a0<\/p>\n<p>    precedenti\u2014 \u00a0<\/p>\n<p class=\"paragraph is-inline\" spellcheck=\"true\">Buffon ha anche scelto Gattuso e fin dal primo giorno s\u2019era assunto la responsabilit\u00e0 di un eventuale fallimento. Gigi l\u2019aveva detto: in caso negativo, me ne vado. Di conseguenza, si potrebbe immaginare un Gattuso dimissionario presto. Il ct \u00e8 uno di principio: gi\u00e0 in passato, nel Milan, ha rinunciato a 11 milioni pur di far avere lo stipendio al suo staff. In Nazionale guadagna 800mila euro, lasciando ne perderebbe 120\/150. \u00c8  chiarissimo che la questione \u00e8 tutto tranne che economica. In pratica, Gattuso dovrebbe lavorare da ct come se niente fosse, organizzare le due amichevoli, convocare soltanto giovani (scontato che non ci saranno Tonali, Barella e gli altri big) e poi lasciare al successore. In teoria \u2014 molto in teoria \u2014 Gattuso potrebbe giocarsi anche le ultimissime carte di una riconferma. Naturalmente lo sa anche lui che \u00e8 una missione quasi impossibile e che il nuovo presidente, chiunque sia, si presenter\u00e0 con un nome nuovo. Un folle direbbe di s\u00ec. Oppure uno con un enorme spirito di sacrificio e un forte attaccamento all\u2019Italia fino alla fine. Uno come Gattuso. Nello scambio di messaggi con Roma, il ct ha rimandato il tutto  a dopo Pasqua. Decider\u00e0 molto presto.<\/p>\n<p><a class=\"is-partner-link\" href=\"https:\/\/abbonamenti.gazzetta.it\/gall-promo-130anni-gazzetta\/?pwcmp=cta&amp;forceBrowser=true\" rel=\"nofollow noopener\" target=\"_blank\">Festeggia i 130 anni de La Gazzetta dello Sport! Abbonati a G ALL a solo 1,30\u20ac\/mese. Valida per pochi giorni!<\/a><\/p>\n<p>    baldini\u2014 \u00a0<\/p>\n<p class=\"paragraph is-inline\" spellcheck=\"true\">Se Gattuso dice s\u00ec, avr\u00e0 la panchina contro il Lussemburgo e la Grecia, le due sfide nella prima settimana di giugno. Se la risposta sar\u00e0 no, con dimissioni immediate, la scelta pi\u00f9 logica sarebbe rivolgersi a Silvio Baldini, ct dell\u2019Under 21 che non ha impegni ufficiali a giugno e riprender\u00e0 le qualificazioni europee a settembre. Anche Di Biagio era il selezionatore degli azzurrini.<\/p>\n<p class=\"is-copyright\">\u00a9 RIPRODUZIONE RISERVATA<\/p>\n","protected":false},"excerpt":{"rendered":"Rino potrebbe guidare l\u2019Italia in due amichevoli (con i giovani): risponder\u00e0 dopo Pasqua. In caso di no, pronto&hellip;\n","protected":false},"author":3,"featured_media":425662,"comment_status":"","ping_status":"","sticky":false,"template":"","format":"standard","meta":{"footnotes":"","_share_on_mastodon":"0"},"categories":[1452],"tags":[7526,241531,241532,241533,65204,31095,7448,721,5886,33762,1740,11332,9799,1598,1148,1537,90,89,144848,2895,14751,64431,6193,2434,1739,245,244,32726,115615,4315],"class_list":["post-425661","post","type-post","status-publish","format-standard","has-post-thumbnail","category-calcio","tag-amichevoli","tag-amichevoli-convocare","tag-amichevoli-convocare-giovani","tag-amichevoli-giovani","tag-baldini","tag-biagio","tag-buffon","tag-calcio","tag-ct","tag-ct-under","tag-football","tag-gattuso","tag-gigi","tag-giovani","tag-giugno","tag-it","tag-italia","tag-italy","tag-pasqua","tag-presto","tag-restare","tag-rino","tag-sa","tag-si","tag-soccer","tag-sport","tag-sports","tag-teoria","tag-traghettatore","tag-under"],"share_on_mastodon":{"url":"https:\/\/pubeurope.com\/@it\/116339772759401521","error":""},"_links":{"self":[{"href":"https:\/\/www.europesays.com\/it\/wp-json\/wp\/v2\/posts\/425661","targetHints":{"allow":["GET"]}}],"collection":[{"href":"https:\/\/www.europesays.com\/it\/wp-json\/wp\/v2\/posts"}],"about":[{"href":"https:\/\/www.europesays.com\/it\/wp-json\/wp\/v2\/types\/post"}],"author":[{"embeddable":true,"href":"https:\/\/www.europesays.com\/it\/wp-json\/wp\/v2\/users\/3"}],"replies":[{"embeddable":true,"href":"https:\/\/www.europesays.com\/it\/wp-json\/wp\/v2\/comments?post=425661"}],"version-history":[{"count":0,"href":"https:\/\/www.europesays.com\/it\/wp-json\/wp\/v2\/posts\/425661\/revisions"}],"wp:featuredmedia":[{"embeddable":true,"href":"https:\/\/www.europesays.com\/it\/wp-json\/wp\/v2\/media\/425662"}],"wp:attachment":[{"href":"https:\/\/www.europesays.com\/it\/wp-json\/wp\/v2\/media?parent=425661"}],"wp:term":[{"taxonomy":"category","embeddable":true,"href":"https:\/\/www.europesays.com\/it\/wp-json\/wp\/v2\/categories?post=425661"},{"taxonomy":"post_tag","embeddable":true,"href":"https:\/\/www.europesays.com\/it\/wp-json\/wp\/v2\/tags?post=425661"}],"curies":[{"name":"wp","href":"https:\/\/api.w.org\/{rel}","templated":true}]}}