{"id":425697,"date":"2026-04-03T08:40:13","date_gmt":"2026-04-03T08:40:13","guid":{"rendered":"https:\/\/www.europesays.com\/it\/425697\/"},"modified":"2026-04-03T08:40:13","modified_gmt":"2026-04-03T08:40:13","slug":"andrea-pisani-e-il-doloroso-retroscena-sul-lavorare-con-lex-beatrice-arnera","status":"publish","type":"post","link":"https:\/\/www.europesays.com\/it\/425697\/","title":{"rendered":"Andrea Pisani e il doloroso retroscena sul lavorare con l\u2019ex Beatrice Arnera"},"content":{"rendered":"<p>\u00c8 solo di pochi giorni fa la stoccata di Andrea Pisani, ospite de Le Iene, a Raoul Bova. Pisani ha risposto ad alcuni dei commenti cattivissimi che sui social gli sono stati scritti in questi mesi, e in particolare da quando la sua relazione con Batrice Arnera \u00e8 finita (e lei ha iniziato una frequentazione con Raoul Bova). Tra i vari commenti anche uno su Bova: \u201cAndrea Pisani comunque \u00e8 un bravissimo attore&#8230; Mi ricorda un giovane Raoul Bova\u201d. \u201cNo vabb\u00e8, ma siamo diversi. A me piacciono le mie coetanee\u201d, questa la risposta pungente del comico.<\/p>\n<p>A Fanpage, per\u00f2, Andrea ha confessato di aver ritrovato l&#8217;equilibrio perduto dopo la separazione. E che con la madre di sua figlia adesso le acque si sono calmate, anche se vista la battuta su Raoul un po&#8217; di amarezza potrebbe ancora far parte di lui.\u00a0<\/p>\n<p>Il nuovo rapporto con Beatrice Arnera<\/p>\n<p>Pisani e Arnera hanno condiviso, non senza difficolt\u00e0, il set del film \u201c<a href=\"https:\/\/www.today.it\/vision\/cinema\/cena-di-casse-recensione.html\" rel=\"nofollow noopener\" target=\"_blank\">Cena di Classe<\/a>\u201d, di cui lui \u00e8 anche co-autore. E l&#8217;attore ha parlato proprio di quanto sia stato complicato girare insieme mentre la loro relazione si stava sgretolando: \u201cEra un momento emotivamente difficile, per\u00f2 ognuno l&#8217;ha gestito nel suo \u2018pancino\u2019. Sul set siamo riusciti a essere entrambi ottimi professionisti, lei perch\u00e9 l&#8217;ho visto con i miei occhi e probabilmente anche io, perch\u00e9 poi mi \u00e8 stato detto\u201d. \u201cNon \u00e8 che non ci potevamo vedere e passavamo da \u2018vaffanc*lo\u2019 a \u2018amore\u2019 davanti alle telecamere, eravamo semplicemente in un periodo difficile per la coppia, ma comunque solidali nel voler bene al film. Mi chiedono tutti come \u00e8 rivedersi in quelle scene, ma io sono molto tranquillo e penso che crei pi\u00f9 malinconia nei confronti di tutte quelle persone che amavano la coppia. Io vedo una scena fatta con due persone che hanno affiatamento artistico, che amavano il film e anche l&#8217;altro, volevano il loro bene\u201d.<\/p>\n<p>Dopo mesi di alta tensione, i due sono tranquilli: \u201cColgo l&#8217;occasione per dire che i nostri rapporti sono ottimi, visto che sono passati diversi mesi dall&#8217;ultima dichiarazione pubblica. Ci siamo \u2018sparati\u2019 ed stato un periodo molto confuso, nel quale non ho rilasciato commenti perch\u00e9 non ero lucido, <a href=\"https:\/\/www.today.it\/gossip\/vip\/beatrice-arnera-minacce-andrea-pisani.html\" rel=\"nofollow noopener\" target=\"_blank\">fatta eccezione per una sola intervista di cui sentivo l&#8217;esigenza<\/a>\u201d. \u201cSiamo due brave persone che vogliono il bene della loro figlia e che hanno vissuto una relazione bellissima. La tempesta \u00e8 finita abbastanza in fretta perch\u00e9 siamo stati ragionevoli nel capire che le cose importanti sono altre, la bambina \u00e8 uno spettacolo della vita e tra noi c&#8217;\u00e8 un affetto che non finir\u00e0 mai\u201d, ha sottolineato Pisani.<\/p>\n<p>Pisani e la possibilit\u00e0 di un nuovo amore<\/p>\n<p>Il comico ha anche affrontato il tema futuro e mettersi in gioco con nuove conoscenze: \u201cAdesso mi sento rinato, sono felice e sereno con me stesso. Mi sto concentrando sul lavoro e sulla bambina, non cerco assolutamente nulla\u201d. \u201cHo realizzato il sogno di diventare pap\u00e0 con una persona che per me era compatibilit\u00e0 100 su 100, con il pi\u00f9 grande entusiasmo possibile. Ho messo una spunta a tutti i cassetti delle emozioni umane, pieni di cose belle &#8211; ha rivelato -. Quindi, se conosco qualcuna che mi conquista o sento la necessit\u00e0 io di conquistarla, sono pronto a innamorarmi\u201d.\u00a0<\/p>\n<p>\u201cHo gli scudi del cuore abbassati, non sono pi\u00f9 chiuso in me stesso. Non credo nelle relazioni eterne, anche se \u2018non eterno\u2019 non significa che sia sbagliato ma solo che doveva durare quegli anni\u201d, ha concluso Pisani.\u00a0<\/p>\n<p><a href=\"https:\/\/www.today.it\/gossip\/vip\/beatrice-arnera-minacce-andrea-pisani.html\" target=\"_blank\" rel=\"nofollow noopener\">Beatrice Arnera: &#8220;Perseguitata da minacce da quando il padre di mia figlia \u00e8 andato da Gazzoli a raccontare una storia piena di inesattezze&#8221;\u00a0<\/a>Le parole di Beatrice Arnera<\/p>\n<p>L&#8217;attrice, che gi\u00e0 nei mesi scorsi aveva rivelato l&#8217;odio che le era arrivato addosso dopo l&#8217;annuncio della fine della storia con Pisani e l&#8217;inizio di quella con Bova, <a href=\"https:\/\/www.today.it\/gossip\/vip\/beatrice-arnera-insulti-social-verdone-scuola-di-seduzione.html\" rel=\"nofollow noopener\" target=\"_blank\">ha ribadito quanto sia stato difficile superare tutto ci\u00f2 <\/a>in un&#8217;intervista a Donna Moderna.<\/p>\n<p>\u201cI social sono un luogo fertile per l\u2019odio. Ho ricevuto insulti, minacce, mi scrivevano che non ero una buona madre o mi invitavano al suicidio\u201d, ha rivelato, \u201cL\u2019accanimento che ho subito ha una radice patriarcale. Per secoli alle donne \u00e8 stato chiesto di sacrificarsi per l\u2019idea di famiglia, anche se si trattava di famiglie infelici. Mia nonna nel 1960 non si separ\u00f2 perch\u00e9 al mercato, dove lavorava, le avrebbero dato della poco di buono. Oggi il meccanismo \u00e8 lo stesso: non \u00e8 pi\u00f9 il mercato del paese, sono i social. Non \u00e8 che una mattina ti svegli e dici: piove, mi separo. \u00c8 una decisione ponderata, un travaglio lungo che non ha senso mettere in piazza solo per dare alle persone la cronistoria dei propri sentimenti\u201d.\u00a0<\/p>\n<p><a href=\"https:\/\/www.today.it\/gossip\/vip\/beatrice-arnera-insulti-social-verdone-scuola-di-seduzione.html\" target=\"_blank\" rel=\"nofollow noopener\">Beatrice Arnera choc: \u201cMi scrivevano di uccidermi, un accanimento patriarcale\u201d. Poi la chiamata di Verdone: \u201cNon ci credevo\u201d<\/a>\u00a0 <\/p>\n","protected":false},"excerpt":{"rendered":"\u00c8 solo di pochi giorni fa la stoccata di Andrea Pisani, ospite de Le Iene, a Raoul Bova.&hellip;\n","protected":false},"author":3,"featured_media":425698,"comment_status":"","ping_status":"","sticky":false,"template":"","format":"standard","meta":{"footnotes":"","_share_on_mastodon":"0"},"categories":[1451],"tags":[88644,88645,1621,1620,203,204,1537,90,89],"class_list":["post-425697","post","type-post","status-publish","format-standard","has-post-thumbnail","category-celebrita","tag-andrea-pisani","tag-beatrice-arnera","tag-celebrita","tag-celebrities","tag-entertainment","tag-intrattenimento","tag-it","tag-italia","tag-italy"],"share_on_mastodon":{"url":"https:\/\/pubeurope.com\/@it\/116339882544911936","error":""},"_links":{"self":[{"href":"https:\/\/www.europesays.com\/it\/wp-json\/wp\/v2\/posts\/425697","targetHints":{"allow":["GET"]}}],"collection":[{"href":"https:\/\/www.europesays.com\/it\/wp-json\/wp\/v2\/posts"}],"about":[{"href":"https:\/\/www.europesays.com\/it\/wp-json\/wp\/v2\/types\/post"}],"author":[{"embeddable":true,"href":"https:\/\/www.europesays.com\/it\/wp-json\/wp\/v2\/users\/3"}],"replies":[{"embeddable":true,"href":"https:\/\/www.europesays.com\/it\/wp-json\/wp\/v2\/comments?post=425697"}],"version-history":[{"count":0,"href":"https:\/\/www.europesays.com\/it\/wp-json\/wp\/v2\/posts\/425697\/revisions"}],"wp:featuredmedia":[{"embeddable":true,"href":"https:\/\/www.europesays.com\/it\/wp-json\/wp\/v2\/media\/425698"}],"wp:attachment":[{"href":"https:\/\/www.europesays.com\/it\/wp-json\/wp\/v2\/media?parent=425697"}],"wp:term":[{"taxonomy":"category","embeddable":true,"href":"https:\/\/www.europesays.com\/it\/wp-json\/wp\/v2\/categories?post=425697"},{"taxonomy":"post_tag","embeddable":true,"href":"https:\/\/www.europesays.com\/it\/wp-json\/wp\/v2\/tags?post=425697"}],"curies":[{"name":"wp","href":"https:\/\/api.w.org\/{rel}","templated":true}]}}