{"id":425891,"date":"2026-04-03T11:19:12","date_gmt":"2026-04-03T11:19:12","guid":{"rendered":"https:\/\/www.europesays.com\/it\/425891\/"},"modified":"2026-04-03T11:19:12","modified_gmt":"2026-04-03T11:19:12","slug":"al-fiandre-nessuno-puo-battere-pogacar-a-meno-che-non-gli-taglino-le-gambe-per-lui-correre-e-come-giocare-alla-playstation","status":"publish","type":"post","link":"https:\/\/www.europesays.com\/it\/425891\/","title":{"rendered":"\u00abAL FIANDRE NESSUNO PUO&#8217; BATTERE POGACAR A MENO CHE NON GLI TAGLINO LE GAMBE. PER LUI CORRERE E&#8217; COME GIOCARE ALLA PLAYSTATION.\u00bb"},"content":{"rendered":"<p>            <a class=\"category\" href=\"https:\/\/www.tuttobiciweb.it\/articles\/category\/PROFESSIONISTI\" itemprop=\"about\" rel=\"nofollow noopener\" target=\"_blank\">PROFESSIONISTI<\/a> | 03\/04\/2026 | 11:07<br \/>\n            <a class=\"author\" href=\"https:\/\/www.tuttobiciweb.it\/articles\/author\/Giorgia%20Monguzzi\" rel=\"nofollow noopener\" target=\"_blank\">di Giorgia Monguzzi<\/a><\/p>\n<p>Che <strong>Peter Sagan<\/strong> non le mandasse di certo a dire lo sappiamo pi\u00f9 bene e anche questa volta il campione slovacco ha usato il suo pensiero diretto e tagliente esprimendo la sua opinione riguardo al ciclismo attuale. L&#8217;occasione \u00e8 stata un&#8217;intervista rilasciata a Het Nieuwsbad in cui il tre volte campione del mondo ha rievocato la sua vittoria al Giro delle Fiandre di dieci anni fa, ma ne ha anche approfittato per parlare dell&#8217;attuale detentore della maglia iridata Tadej Pogacar.\u00a0\n            <\/p>\n<p>In vista del Giro delle Fiandre di domenica l&#8217;ex professionista slovacco non ha nessun dubbio,<strong> Pogacar \u00e8 l&#8217;unico vero favorito ed \u00e8 praticamente certo il suo terzo sucesso nella corsa monumento<\/strong>.<strong> \u00abA meno che non gli taglino le gambe prima di domenica, chi sarebbe in grado di batterlo?\u00bb<\/strong> ha detto Sagan in tono scherzoso e anche un po&#8217; provocatorio sottolineando la superiorit\u00e0 del fuoriclasse sloveno che nel 2026 ha attaccato solo due volte il numero sulla schiena, alle Strade Bianche e alla Sanremo e le ha vinte entrambe. \u00abPogacar \u00e8 un atleta straordinario, dovrebbero lasciarlo correre come vuole, in una categoria a parte &#8211; ha proseguito Sagan &#8211; <strong>il World Tour \u00e8 troppo piccolo per lui e questo rende il ciclismo noioso\u00bb<\/strong>.\u00a0\n            <\/p>\n<p>Sagan \u00e8 poi passato ad analizzare la Milano Sanremo vinta da Tadej Pogacar con uno sprint a due su Thomas Pidcock. A detta dello slovacco \u00e8 stato un duello appassionante, una corsa inaspettata ed insolitamente interessante resa tale soltanto da un imprevisto: la caduta di Pogacar.<strong> \u00abC&#8217;\u00e8 un solo motivo per cui la Milano Sanremo di quest&#8217;anno \u00e8 stata interessante: perch\u00e8 Pogacar \u00e8 caduto<\/strong> e all&#8217;improvviso abbiamo assistito ad una bellissima battaglia. Nemmeno io avrei pensato che dopo avrebbe attaccato sulla Cipressa, ma lui \u00e8 cos\u00ec folle da poter fare anche queste cose. <strong>Alcuni dicono che correre in bici non sia come giocare alla Playstation, ma per Tadej lo \u00e8, anzi \u00e8 addirittura pi\u00f9 facile<\/strong>. Lui \u00e8 un grandissimo campione, \u00e8 incredibile, ma rende tutto noioso. \u00bb<\/p>\n<p>Domenica Tadej Pogacar sar\u00e0 al via della sua terza corsa della stagione e la domanda, dopo le dichiarazioni di Peter Sagan rimane soltanto una: qualcuno riuscir\u00e0 ad inventarsi qualcosa per provare a batterlo?<\/p>\n<p>Copyright &amp;copy TBW<\/p>\n","protected":false},"excerpt":{"rendered":"PROFESSIONISTI | 03\/04\/2026 | 11:07 di Giorgia Monguzzi Che Peter Sagan non le mandasse di certo a dire&hellip;\n","protected":false},"author":3,"featured_media":425892,"comment_status":"","ping_status":"","sticky":false,"template":"","format":"standard","meta":{"footnotes":"","_share_on_mastodon":"0"},"categories":[1456],"tags":[1824,1825,191486,1537,90,89,14731,1931,88203,245,244],"class_list":["post-425891","post","type-post","status-publish","format-standard","has-post-thumbnail","category-ciclismo","tag-ciclismo","tag-cycling","tag-giro-delle-fiandre","tag-it","tag-italia","tag-italy","tag-milano-sanremo","tag-pogacar","tag-sagan","tag-sport","tag-sports"],"share_on_mastodon":{"url":"https:\/\/pubeurope.com\/@it\/116340507711847421","error":""},"_links":{"self":[{"href":"https:\/\/www.europesays.com\/it\/wp-json\/wp\/v2\/posts\/425891","targetHints":{"allow":["GET"]}}],"collection":[{"href":"https:\/\/www.europesays.com\/it\/wp-json\/wp\/v2\/posts"}],"about":[{"href":"https:\/\/www.europesays.com\/it\/wp-json\/wp\/v2\/types\/post"}],"author":[{"embeddable":true,"href":"https:\/\/www.europesays.com\/it\/wp-json\/wp\/v2\/users\/3"}],"replies":[{"embeddable":true,"href":"https:\/\/www.europesays.com\/it\/wp-json\/wp\/v2\/comments?post=425891"}],"version-history":[{"count":0,"href":"https:\/\/www.europesays.com\/it\/wp-json\/wp\/v2\/posts\/425891\/revisions"}],"wp:featuredmedia":[{"embeddable":true,"href":"https:\/\/www.europesays.com\/it\/wp-json\/wp\/v2\/media\/425892"}],"wp:attachment":[{"href":"https:\/\/www.europesays.com\/it\/wp-json\/wp\/v2\/media?parent=425891"}],"wp:term":[{"taxonomy":"category","embeddable":true,"href":"https:\/\/www.europesays.com\/it\/wp-json\/wp\/v2\/categories?post=425891"},{"taxonomy":"post_tag","embeddable":true,"href":"https:\/\/www.europesays.com\/it\/wp-json\/wp\/v2\/tags?post=425891"}],"curies":[{"name":"wp","href":"https:\/\/api.w.org\/{rel}","templated":true}]}}