{"id":426033,"date":"2026-04-03T13:15:13","date_gmt":"2026-04-03T13:15:13","guid":{"rendered":"https:\/\/www.europesays.com\/it\/426033\/"},"modified":"2026-04-03T13:15:13","modified_gmt":"2026-04-03T13:15:13","slug":"il-giallo-della-morte-di-tom","status":"publish","type":"post","link":"https:\/\/www.europesays.com\/it\/426033\/","title":{"rendered":"il giallo della morte di Tom"},"content":{"rendered":"<p>Non si fermer\u00e0 nemmeno in occasione delle festivit\u00e0 pasquali Beautiful che continuer\u00e0 a far compagnia ai suoi telespettatori anche nei giorni <strong>domenica 5 e luned\u00ec 6 aprile<\/strong>. Le puntate in onda la prossima settimana, nella programmazione prevista fino a sabato 11 aprile su Canale 5 e on demand sulla piattaforma <strong>Mediaset Infinity<\/strong> nel primo pomeriggio alle ore 13.40, porteranno alla ribalta un nuovo caso misterioso.<\/p>\n<p>A destare scalpore nelle puntate inedite italiane sar\u00e0 la morte improvvisa, ma anche sospetta, di Tom, l\u2019ex senza tetto e rock star che aveva aiutato <strong>Deacon<\/strong> a ritrovare Sheila e che aveva celebrato a \u201cIl Giardino\u201d le loro nozze. L\u2019ultima persona che aveva visto l\u2019uomo in vita, prima del malore fatale, era stata Poppy (Romy Park). Intanto nella sede della Maison Forrester Creation Hope (Annika Noelle) ,dopo il mancato ricongiungimento con Thomas (Matthew Atkinson), torner\u00e0 ad avere duri scontri con Steffy (Jacqueline Wood) a cui confider\u00e0 di essere ancora innamorata del fratello.<\/p>\n","protected":false},"excerpt":{"rendered":"Non si fermer\u00e0 nemmeno in occasione delle festivit\u00e0 pasquali Beautiful che continuer\u00e0 a far compagnia ai suoi telespettatori&hellip;\n","protected":false},"author":3,"featured_media":426034,"comment_status":"","ping_status":"","sticky":false,"template":"","format":"standard","meta":{"footnotes":"","_share_on_mastodon":"0"},"categories":[1444],"tags":[1518,16275,685,203,204,1537,90,89,9060,11579,33298,242,253,410],"class_list":["post-426033","post","type-post","status-publish","format-standard","has-post-thumbnail","category-tv","tag-anticipazioni","tag-beautiful","tag-canale-5","tag-entertainment","tag-intrattenimento","tag-it","tag-italia","tag-italy","tag-mediaset","tag-soap","tag-soap-opera","tag-stati-uniti","tag-tv","tag-usa"],"share_on_mastodon":{"url":"https:\/\/pubeurope.com\/@it\/116340963974417777","error":""},"_links":{"self":[{"href":"https:\/\/www.europesays.com\/it\/wp-json\/wp\/v2\/posts\/426033","targetHints":{"allow":["GET"]}}],"collection":[{"href":"https:\/\/www.europesays.com\/it\/wp-json\/wp\/v2\/posts"}],"about":[{"href":"https:\/\/www.europesays.com\/it\/wp-json\/wp\/v2\/types\/post"}],"author":[{"embeddable":true,"href":"https:\/\/www.europesays.com\/it\/wp-json\/wp\/v2\/users\/3"}],"replies":[{"embeddable":true,"href":"https:\/\/www.europesays.com\/it\/wp-json\/wp\/v2\/comments?post=426033"}],"version-history":[{"count":0,"href":"https:\/\/www.europesays.com\/it\/wp-json\/wp\/v2\/posts\/426033\/revisions"}],"wp:featuredmedia":[{"embeddable":true,"href":"https:\/\/www.europesays.com\/it\/wp-json\/wp\/v2\/media\/426034"}],"wp:attachment":[{"href":"https:\/\/www.europesays.com\/it\/wp-json\/wp\/v2\/media?parent=426033"}],"wp:term":[{"taxonomy":"category","embeddable":true,"href":"https:\/\/www.europesays.com\/it\/wp-json\/wp\/v2\/categories?post=426033"},{"taxonomy":"post_tag","embeddable":true,"href":"https:\/\/www.europesays.com\/it\/wp-json\/wp\/v2\/tags?post=426033"}],"curies":[{"name":"wp","href":"https:\/\/api.w.org\/{rel}","templated":true}]}}