{"id":426098,"date":"2026-04-03T14:09:14","date_gmt":"2026-04-03T14:09:14","guid":{"rendered":"https:\/\/www.europesays.com\/it\/426098\/"},"modified":"2026-04-03T14:09:14","modified_gmt":"2026-04-03T14:09:14","slug":"la-nuova-vita-della-gialappas-band","status":"publish","type":"post","link":"https:\/\/www.europesays.com\/it\/426098\/","title":{"rendered":"La nuova vita della Gialappa&#8217;s Band"},"content":{"rendered":"<p>Non so se avete notato ma c&#8217;\u00e8 una certa <b>rifioritura della Gialappa&#8217;s Band<\/b>. Si torna a parlare di loro. Loro ormai <b>sono rimasti in due, cio\u00e8 Giorgio Gherarducci e Marco Santin<\/b>. Interviste sui giornali e soprattutto il loro programma su TV8 Gialappashow sta avendo una certa eco e quando se ne parla sui giornali significa che le cose vanno bene.<br \/>Cos&#8217;era successo?\u00a0<br \/>Ricorderete era <b>uscito dal trio Carlo Taranto<\/b> che era considerato un po\u2019 l&#8217;intellettuale la mente del gruppo e c&#8217;era stato un po\u2019 di sbandamento. Invece adesso c&#8217;\u00e8 appunto questo ritorno questa rifioritura.\u00a0<br \/>Quali sono i motivi?\u00a0<br \/>Intanto perch\u00e9 loro <b>riescono a intercettare sia il pubblico pi\u00f9 anziano<\/b> diciamo cos\u00ec quello che ricordava i mitici Gialappi dei tempi d\u2019oro, quando era uno dei pi\u00f9 bei programmi in assoluto di Mediaset, e dall&#8217;altro &#8211; siccome il loro programma \u00e8 tutto molto frammentato, ormai lo si trova sui social &#8211; hanno per cos\u00ec dire anche <b>intercettato il pubblico pi\u00f9 giovane<\/b>.\u00a0<br \/>Poi c&#8217;\u00e8 un elemento fondamentale, secondo me, che \u00e8 <b>il ruolo del mago Forest<\/b> che davvero \u00e8 diventato  il terzo Gialappo perch\u00e9 interagisce con loro in maniera davvero sintonica, \u00e8 uno che ha la battuta pronta. E poi ha questo <b>gioco  dell&#8217;anti-presentatore<\/b> cio\u00e8 di quello che non riesce mai a fare le cose bene.\u00a0<br \/>Con quel loro modo un po\u2019 sarcastico di prendere in giro, di smontare la televisione, quindi attraverso di essa anche la vita, <b>erano meme prima dell&#8217;invenzione dei meme<\/b>. E, adesso che i meme trionfano sui social, possiamo parlare di una seconda vita, di una nuova giovent\u00f9 della Gialappa&#8217;s Band.<\/p>\n<p>03 aprile 2026<\/p>\n<p>\u00a9 RIPRODUZIONE RISERVATA<\/p>\n","protected":false},"excerpt":{"rendered":"Non so se avete notato ma c&#8217;\u00e8 una certa rifioritura della Gialappa&#8217;s Band. Si torna a parlare di&hellip;\n","protected":false},"author":3,"featured_media":426099,"comment_status":"","ping_status":"","sticky":false,"template":"","format":"standard","meta":{"footnotes":"","_share_on_mastodon":"0"},"categories":[1444],"tags":[8364,1585,2042,122,1278,6925,203,46,229,204,1537,90,89,241804,241805,241806,15068,273,133,179,253],"class_list":["post-426098","post","type-post","status-publish","format-standard","has-post-thumbnail","category-tv","tag-anziano","tag-band","tag-cioe","tag-cose","tag-davvero","tag-diciamo","tag-entertainment","tag-giornali","tag-giovane","tag-intrattenimento","tag-it","tag-italia","tag-italy","tag-jalappas","tag-jalappas-band","tag-jalappo","tag-meme","tag-nuova","tag-ormai","tag-pubblico","tag-tv"],"share_on_mastodon":{"url":"https:\/\/pubeurope.com\/@it\/116341176225918534","error":""},"_links":{"self":[{"href":"https:\/\/www.europesays.com\/it\/wp-json\/wp\/v2\/posts\/426098","targetHints":{"allow":["GET"]}}],"collection":[{"href":"https:\/\/www.europesays.com\/it\/wp-json\/wp\/v2\/posts"}],"about":[{"href":"https:\/\/www.europesays.com\/it\/wp-json\/wp\/v2\/types\/post"}],"author":[{"embeddable":true,"href":"https:\/\/www.europesays.com\/it\/wp-json\/wp\/v2\/users\/3"}],"replies":[{"embeddable":true,"href":"https:\/\/www.europesays.com\/it\/wp-json\/wp\/v2\/comments?post=426098"}],"version-history":[{"count":0,"href":"https:\/\/www.europesays.com\/it\/wp-json\/wp\/v2\/posts\/426098\/revisions"}],"wp:featuredmedia":[{"embeddable":true,"href":"https:\/\/www.europesays.com\/it\/wp-json\/wp\/v2\/media\/426099"}],"wp:attachment":[{"href":"https:\/\/www.europesays.com\/it\/wp-json\/wp\/v2\/media?parent=426098"}],"wp:term":[{"taxonomy":"category","embeddable":true,"href":"https:\/\/www.europesays.com\/it\/wp-json\/wp\/v2\/categories?post=426098"},{"taxonomy":"post_tag","embeddable":true,"href":"https:\/\/www.europesays.com\/it\/wp-json\/wp\/v2\/tags?post=426098"}],"curies":[{"name":"wp","href":"https:\/\/api.w.org\/{rel}","templated":true}]}}