{"id":426603,"date":"2026-04-03T20:56:17","date_gmt":"2026-04-03T20:56:17","guid":{"rendered":"https:\/\/www.europesays.com\/it\/426603\/"},"modified":"2026-04-03T20:56:17","modified_gmt":"2026-04-03T20:56:17","slug":"la-cartiera-ritorna-in-vita-con-il-film-storie-di-carta","status":"publish","type":"post","link":"https:\/\/www.europesays.com\/it\/426603\/","title":{"rendered":"La Cartiera ritorna in vita con il film \u201cStorie di Carta\u201d"},"content":{"rendered":"<p><strong>Un capitolo fondamentale della storia di Ormea e dell\u2019intera Valle Tanaro<\/strong> raccontato attraverso le immagini. <strong>Domenica 5 aprile, alle ore 21, presso il \u201cNuovo Cinema Ormea\u201d<\/strong> verr\u00e0 presentato in anteprima il film <strong>\u201cStorie di carta. Un paese, una fabbrica\u201d<\/strong>. Il progetto dedicato alla cartiera \u00e8 il frutto di <strong>oltre due anni di lavoro<\/strong> portato avanti da <strong>Germano Nasi e Roberto Sappa<\/strong>: \u00ab<strong>Una lunga ricerca di materiale, immagini, interviste e storie di vita<\/strong>, ci ha portato a montare in sequenza, ci\u00f2 che pensiamo rappresenti un pezzo di storia della nostra comunit\u00e0. \u00c8 un lavoro che abbiamo fatto con il cuore, cercando di non dimenticare nulla e soprattutto <strong>salvare in archivio ci\u00f2 che non bisogna dimenticare<\/strong>\u00bb.<\/p>\n<p>La storia della Cartiera, com\u2019\u00e8 normale che sia, si interseca a doppia mandata con quella nazionale e non solo: la <strong>\u201cA. Lorenzetti &amp; C. \u2013 Cartiere d\u2019Ormea\u201d<\/strong> inizi\u00f2 l\u2019attivit\u00e0 nel <strong>1904<\/strong> producendo <strong>carta da sigarette e veline<\/strong>. Nel <strong>1910<\/strong> iniziarono rapporti continuativi con il <strong>Monopolio Italiano Tabacchi<\/strong> per importanti partite di carta da sigarette. Negli anni della <strong>Prima guerra<\/strong>, per aumentare l\u2019efficienza economica dello stabilimento, fu ampliato il canale di derivazione dal Tanaro e furono acquistati i terreni necessari all\u2019ampliamento. Appena concluso il conflitto gli impianti vennero aggiornati con aggiunte di macchinari aumentando la capacit\u00e0 produttiva. Nel <strong>1929<\/strong> si produsse la <strong>prima carta per condensatori<\/strong> e si intensific\u00f2 il miglioramento degli impianti per mettere le grandi <strong>\u201ccontinue\u201d<\/strong> in grado di fabbricare i nuovi tipi di carta, facendo della <strong>Cartiera di Ormea<\/strong> uno stabilimento tra i pi\u00f9 moderni, con produzioni di alta qualit\u00e0.<\/p>\n<p>Gli anni dal <strong>1939-45<\/strong> furono vissuti tra immense difficolt\u00e0 tra la scarsezza dei rifornimenti e l\u2019instabilit\u00e0 dei prezzi. Lo stabilimento fu anche danneggiato dai <strong>bombardamenti<\/strong>, ma finita la guerra la fabbrica si rimise in efficienza: inizi\u00f2 la revisione delle attrezzature e gli impianti furono <strong>ammodernati<\/strong>.<\/p>\n<p>Nel <strong>1966<\/strong> il lavoro riprese a segnare risultati positivi con l\u2019incremento della produzione in ogni settore: lo stabilimento si estendeva su circa <strong>50.000 mq<\/strong> di cui <strong>24.000 coperti<\/strong>; dava lavoro a <strong>circa 500 persone<\/strong> tra operai e impiegati a Ormea oltre il personale della sede di Genova.<\/p>\n<p><img loading=\"lazy\" decoding=\"async\" src=\"https:\/\/www.europesays.com\/it\/wp-content\/uploads\/2026\/04\/Ormea_storie_di_carta_2-1775222109920.png\" alt=\"\" width=\"1172\" height=\"852\"\/><\/p>\n<p>Un periodo di forte prosperit\u00e0, anche economica, che si riversa sull\u2019intera vallata e durato fino alla <strong>seconda met\u00e0 degli anni \u201970<\/strong> quando una pi\u00f9 generale <strong>crisi del settore cartario<\/strong> di tutta l\u2019Europa, unito a una serie di vicissitudini interne, fece entrare in crisi la Cartiera. Gli Enti locali si mobilitarono nella ricerca di soluzioni atte a scongiurare la perdita del lavoro per i <strong>circa 450 dipendenti<\/strong>.<\/p>\n<p>Da quel periodo fino al <strong>febbraio 2008<\/strong> si sono susseguiti fallimenti, cambi di gestione e di ragione sociale, riorganizzazioni, procedure concorsuali e concordati che hanno portato alla <strong>chiusura definitiva dello stabilimento<\/strong>.<\/p>\n<p>Tutto questo e molto altro ancora \u00e8 raccontato grazie all\u2019immenso lavoro messo in campo da <strong>Germano Nasi e Roberto Sappa<\/strong> per far s\u00ec che la <strong>memoria collettiva<\/strong> resti per sempre <strong>patrimonio collettivo condiviso<\/strong>.<\/p>\n","protected":false},"excerpt":{"rendered":"Un capitolo fondamentale della storia di Ormea e dell\u2019intera Valle Tanaro raccontato attraverso le immagini. Domenica 5 aprile,&hellip;\n","protected":false},"author":3,"featured_media":426604,"comment_status":"","ping_status":"","sticky":false,"template":"","format":"standard","meta":{"footnotes":"","_share_on_mastodon":"0"},"categories":[1442],"tags":[241980,241977,241978,203,454,241975,204,1537,90,89,241979,1521,42598,38236,241976,241974,241973],"class_list":["post-426603","post","type-post","status-publish","format-standard","has-post-thumbnail","category-film","tag-241980","tag-cartiera-di-ormea","tag-cartiere-dormea","tag-entertainment","tag-film","tag-germano-nasi","tag-intrattenimento","tag-it","tag-italia","tag-italy","tag-monopolio-italiano-tabacchi","tag-movies","tag-nuovo-cinema-ormea","tag-ormea","tag-roberto-sappa","tag-storie-di-carta","tag-valle-tanaro"],"share_on_mastodon":{"url":"https:\/\/pubeurope.com\/@it\/116342776946202615","error":""},"_links":{"self":[{"href":"https:\/\/www.europesays.com\/it\/wp-json\/wp\/v2\/posts\/426603","targetHints":{"allow":["GET"]}}],"collection":[{"href":"https:\/\/www.europesays.com\/it\/wp-json\/wp\/v2\/posts"}],"about":[{"href":"https:\/\/www.europesays.com\/it\/wp-json\/wp\/v2\/types\/post"}],"author":[{"embeddable":true,"href":"https:\/\/www.europesays.com\/it\/wp-json\/wp\/v2\/users\/3"}],"replies":[{"embeddable":true,"href":"https:\/\/www.europesays.com\/it\/wp-json\/wp\/v2\/comments?post=426603"}],"version-history":[{"count":0,"href":"https:\/\/www.europesays.com\/it\/wp-json\/wp\/v2\/posts\/426603\/revisions"}],"wp:featuredmedia":[{"embeddable":true,"href":"https:\/\/www.europesays.com\/it\/wp-json\/wp\/v2\/media\/426604"}],"wp:attachment":[{"href":"https:\/\/www.europesays.com\/it\/wp-json\/wp\/v2\/media?parent=426603"}],"wp:term":[{"taxonomy":"category","embeddable":true,"href":"https:\/\/www.europesays.com\/it\/wp-json\/wp\/v2\/categories?post=426603"},{"taxonomy":"post_tag","embeddable":true,"href":"https:\/\/www.europesays.com\/it\/wp-json\/wp\/v2\/tags?post=426603"}],"curies":[{"name":"wp","href":"https:\/\/api.w.org\/{rel}","templated":true}]}}