{"id":426902,"date":"2026-04-04T01:16:13","date_gmt":"2026-04-04T01:16:13","guid":{"rendered":"https:\/\/www.europesays.com\/it\/426902\/"},"modified":"2026-04-04T01:16:13","modified_gmt":"2026-04-04T01:16:13","slug":"tornare-ad-allenare-le-mie-priorita-ora-sono-altre-ma-in-futuro","status":"publish","type":"post","link":"https:\/\/www.europesays.com\/it\/426902\/","title":{"rendered":"Tornare ad allenare? Le mie priorit\u00e0 ora sono altre, ma in futuro&#8230;"},"content":{"rendered":"<p>Un ritorno ad allenare? Possibile. <strong>Lo dichiara Andy Murray a The Athletic, la divisione giornalistica sportiva del New York Times.<\/strong> Lo scozzese, tre volte campione Slam, ex numero 1 del mondo e che aveva gi\u00e0 tentato questa via nel 2025 con <strong>Novak Djokovic<\/strong>, \u00e8 tornato sul tema e non ha nulla in contrario.<\/p>\n<p>Cos\u00ec Murray:\u00a0\u201cIn qualche momento della mia vita ho pensato di tornare nel mondo degli allenatori. Per ora le mie priorit\u00e0 sono altre, per\u00f2 mi piacerebbe riprovarci in futuro. Mi piace l\u2019idea di aiutare un giocatore molto pi\u00f9 giovane. Qualcosa di simile, anche se non mi aspetto lo stesso risultato, alla relazione Alcaraz-Ferrero. Un giocatore giovane che si pu\u00f2 aiutare e sul quale si pu\u00f2 avere influenza. Sarebbe per me molto interessante, ma adesso non \u00e8 il momento\u201c.<\/p>\n<p>Quello che \u00e8 certo \u00e8 che, ricordando una precedente esperienza nel box della BBC durante Nadal-Del Potro (quarti di Wimbledon 2018), non andrebbe a iniziare una carriera dietro al microfono, da commentatore. Al tempo, \u00e8 vero, lo fece perch\u00e9 in quel momento era fuori dal circuito tra interventi e recuperi vari, ma non \u00e8 propriamente quella la via che sente.<\/p>\n<p>Murray, va ricordato, \u00e8 anche riconosciuto per scelte certamente non convenzionali quanto a scelta di allenatori quando era ancora in campo. A lungo supportato da <strong>Ivan Lendl<\/strong>, tra i numeri 1 pi\u00f9 longevi nel tennis, il nativo di Dunblane nel 2014 \u00e8 diventato il secondo top ten ATP a scegliere di farsi allenare da una donna, in specie <strong>Amelie Mauresmo<\/strong>. Non una qualsiasi, ma anche lei ex numero 1 WTA e due volte campionessa Slam.<\/p>\n","protected":false},"excerpt":{"rendered":"Un ritorno ad allenare? Possibile. Lo dichiara Andy Murray a The Athletic, la divisione giornalistica sportiva del New&hellip;\n","protected":false},"author":3,"featured_media":426903,"comment_status":"","ping_status":"","sticky":false,"template":"","format":"standard","meta":{"footnotes":"","_share_on_mastodon":"0"},"categories":[1457],"tags":[64308,1537,90,89,245,244,1273],"class_list":["post-426902","post","type-post","status-publish","format-standard","has-post-thumbnail","category-tennis","tag-andy-murray","tag-it","tag-italia","tag-italy","tag-sport","tag-sports","tag-tennis"],"share_on_mastodon":{"url":"https:\/\/pubeurope.com\/@it\/116343798887323399","error":""},"_links":{"self":[{"href":"https:\/\/www.europesays.com\/it\/wp-json\/wp\/v2\/posts\/426902","targetHints":{"allow":["GET"]}}],"collection":[{"href":"https:\/\/www.europesays.com\/it\/wp-json\/wp\/v2\/posts"}],"about":[{"href":"https:\/\/www.europesays.com\/it\/wp-json\/wp\/v2\/types\/post"}],"author":[{"embeddable":true,"href":"https:\/\/www.europesays.com\/it\/wp-json\/wp\/v2\/users\/3"}],"replies":[{"embeddable":true,"href":"https:\/\/www.europesays.com\/it\/wp-json\/wp\/v2\/comments?post=426902"}],"version-history":[{"count":0,"href":"https:\/\/www.europesays.com\/it\/wp-json\/wp\/v2\/posts\/426902\/revisions"}],"wp:featuredmedia":[{"embeddable":true,"href":"https:\/\/www.europesays.com\/it\/wp-json\/wp\/v2\/media\/426903"}],"wp:attachment":[{"href":"https:\/\/www.europesays.com\/it\/wp-json\/wp\/v2\/media?parent=426902"}],"wp:term":[{"taxonomy":"category","embeddable":true,"href":"https:\/\/www.europesays.com\/it\/wp-json\/wp\/v2\/categories?post=426902"},{"taxonomy":"post_tag","embeddable":true,"href":"https:\/\/www.europesays.com\/it\/wp-json\/wp\/v2\/tags?post=426902"}],"curies":[{"name":"wp","href":"https:\/\/api.w.org\/{rel}","templated":true}]}}