{"id":427018,"date":"2026-04-04T03:18:20","date_gmt":"2026-04-04T03:18:20","guid":{"rendered":"https:\/\/www.europesays.com\/it\/427018\/"},"modified":"2026-04-04T03:18:20","modified_gmt":"2026-04-04T03:18:20","slug":"beatrice-arnera-siamo-in-ottimi-rapporti-vogliamo-il-bene-di-nostra-figlia-non-credo-alle-relazioni-eterne","status":"publish","type":"post","link":"https:\/\/www.europesays.com\/it\/427018\/","title":{"rendered":"\u00abBeatrice Arnera? Siamo in ottimi rapporti, vogliamo il bene di nostra figlia. Non credo alle relazioni eterne\u00bb"},"content":{"rendered":"<p>&#13;<br \/>\n                               &#13;<br \/>\n                                                &#13;<br \/>\n                &#13;<\/p>\n<p>Dal racconto dell\u2019adolescenza alle fragilit\u00e0 dei <strong>Millennial<\/strong>, passando per la fine di una relazione e una nuova serenit\u00e0 personale. <strong><a href=\"https:\/\/www.leggo.it\/t\/andrea-pisani\" rel=\"nofollow noopener\" target=\"_blank\">Andrea Pisani<\/a><\/strong>, co-autore e protagonista del film <strong>Cena di Classe<\/strong>, si racconta in un\u2019intervista a Fanpage, toccando temi personali e professionali: il rapporto con l\u2019ex compagna <a href=\"https:\/\/www.leggo.it\/t\/beatrice-arnera\" rel=\"nofollow noopener\" target=\"_blank\">Beatrice Arnera<\/a>, la crescita artistica, la comicit\u00e0 nell\u2019era del <strong>politically correct<\/strong> e il senso di una generazione \u00abponte\u00bb tra due mondi.<\/p>\n<p>&#13;<br \/>\n&#13;<\/p>\n<p><a class=\"link_item\" data-linked_from=\"null\" href=\"https:\/\/www.leggo.it\/gossip\/news\/28_marzo_2026_andrea_pisani_raoul_bova_frecciata_beatrice_arnera_tradimento_coetanee-9442140.html\" rel=\"nofollow noopener\" target=\"_blank\">Raoul Bova e Beatrice Arnera, l&#8217;ex di lei Andrea Pisani punge l&#8217;attore: \u00abNoi uguali? A me piacciono le mie coetanee\u00bb<\/a><\/p>\n<p>&#13;<br \/>\n&#13;<br \/>\n\u00abFaccio il lavoro che ho sempre sognato\u00bb&#13;<br \/>\n&#13;<\/p>\n<p>Il film nasce da un\u2019idea semplice e universale: ritrovarsi anni dopo la maturit\u00e0 e fare i conti con ci\u00f2 che si \u00e8 diventati. Un passaggio che per Pisani ha anche un valore personale. \u00abSono uno di coloro che hanno realizzato il piano A nella vita, faccio il lavoro che ho sempre sognato\u00bb, racconta, sottolineando per\u00f2 come la sua esperienza non sia quella di tutti.<\/p>\n<p>&#13;<br \/>\n&#13;<\/p>\n<p>Nel racconto dei Millennial emerge una consapevolezza pi\u00f9 amara: \u00abNoi siamo una generazione che si \u00e8 trovata impreparata davanti a un mondo che \u00e8 cambiato\u00bb. Nel film, dice, si parla di una generazione \u00abponte\u00bb, sospesa e \u00abtirata da due mondi\u00bb, destinata prima o poi a \u201cspezzarsi\u201d.<\/p>\n<p>&#13;<br \/>\n&#13;<br \/>\nIl rapporto con Beatrice Arnera&#13;<br \/>\n&#13;<\/p>\n<p>Il cuore pi\u00f9 delicato dell\u2019intervista \u00e8 il rapporto con Beatrice Arnera, attrice e madre di sua figlia, con cui Pisani ha condiviso anche il set in una fase complicata della loro storia. \u00abEra un momento emotivamente difficile\u00bb, ammette, spiegando per\u00f2 come entrambi siano riusciti a mantenere professionalit\u00e0 e rispetto: \u00abEravamo semplicemente in un periodo difficile per la coppia, ma comunque solidali nel voler bene al film\u00bb.<\/p>\n<p>&#13;<br \/>\n&#13;<\/p>\n<p>Oggi, per\u00f2, il clima \u00e8 cambiato. \u00abColgo l&#8217;occasione per dire che i nostri rapporti sono ottimi\u00bb, chiarisce, mettendo un punto alle tensioni del passato. \u00abSiamo due brave persone che vogliono il bene della loro figlia e che hanno vissuto una relazione bellissima\u00bb.<\/p>\n<p>&#13;<br \/>\n&#13;<\/p>\n<p>Una frattura ricomposta rapidamente, anche grazie a una priorit\u00e0 condivisa: \u00abLa tempesta \u00e8 finita abbastanza in fretta perch\u00e9 siamo stati ragionevoli nel capire che le cose importanti sono altre\u00bb. <\/p>\n<p>Al centro resta la figlia, \u00abuno spettacolo della vita\u00bb, e un affetto destinato a non scomparire.&#13;<br \/>\n&#13;<\/p>\n<p>Pisani guarda avanti senza chiudersi. \u00abAdesso mi sento rinato, sono felice e sereno\u00bb, dice, spiegando di non cercare attivamente una relazione ma di non escluderla: \u00abSe conosco qualcuna che mi conquista, sono pronto a innamorarmi\u00bb. Una visione lucida anche sull\u2019amore: \u00abNon credo nelle relazioni eterne\u00bb, ma questo \u00abnon significa che sia sbagliato\u00bb, solo che alcune storie hanno un loro tempo.<\/p>\n<p>&#13;<br \/>\n&#13;<br \/>\nLavoro, Belen e politically correct&#13;<br \/>\n&#13;<\/p>\n<p>Accanto alla vita privata, c\u2019\u00e8 il lavoro. Pisani rivendica un percorso costruito nel tempo, anche insieme a Luca Peracino nel duo dei Panpers, e oggi anche in tv con OnlyFun insieme a Bel\u00e9n Rodr\u00edguez. \u00abBelen \u00e8 molto simpatica, intelligente, carismatica, talentuosa e bella\u00bb, racconta, sottolineando il clima leggero e ironico sul set.<\/p>\n<p>&#13;<br \/>\n&#13;<\/p>\n<p>Ma il tema pi\u00f9 netto \u00e8 quello della comicit\u00e0 oggi. \u00abNon \u00e8 vero che non si pu\u00f2 dire pi\u00f9 niente\u00bb, afferma, prendendo posizione su un dibattito sempre pi\u00f9 acceso. Per Pisani il punto non \u00e8 censurare, ma essere consapevoli: \u00abBisogna avere coscienza e cognizione di causa per potersi permettere di dire delle cose\u00bb.<\/p>\n<p>&#13;<br \/>\n&#13;<\/p>\n<p>Si pu\u00f2 scherzare su tutto, sostiene, ma conta il modo. \u00abQuesto ha portato pi\u00f9 sensibilit\u00e0 nelle persone prima di aprire la bocca e lo trovo positivo\u00bb. Allo stesso tempo, rivendica una libert\u00e0 personale maggiore rispetto al passato: \u00abSto cominciando a dire \u201cnon mi interessa\u201d\u00bb, ammette, pronto anche ad assumersi il rischio di \u00abfare dei feriti\u00bb se necessario.<\/p>\n<p>                                &#13;<br \/>\n                &#13;<br \/>\n&#13;<br \/>\n                Ultimo aggiornamento: venerd\u00ec 3 aprile 2026, 14:10&#13;<br \/>\n                <br \/>&#13;<br \/>\n                &#13;<br \/>\n                  &#13;<br \/>\n                    &#13;<br \/>\n                        \u00a9 RIPRODUZIONE RISERVATA&#13;<\/p>\n<p>&#13;<\/p>\n<p>                    &#13;<\/p>\n","protected":false},"excerpt":{"rendered":"&#13; &#13; &#13; &#13; Dal racconto dell\u2019adolescenza alle fragilit\u00e0 dei Millennial, passando per la fine di una relazione&hellip;\n","protected":false},"author":3,"featured_media":427019,"comment_status":"","ping_status":"","sticky":false,"template":"","format":"standard","meta":{"footnotes":"","_share_on_mastodon":"0"},"categories":[174],"tags":[88644,88645,235597,203,204,1537,90,89],"class_list":["post-427018","post","type-post","status-publish","format-standard","has-post-thumbnail","category-intrattenimento","tag-andrea-pisani","tag-beatrice-arnera","tag-cena-di-classe","tag-entertainment","tag-intrattenimento","tag-it","tag-italia","tag-italy"],"share_on_mastodon":{"url":"https:\/\/pubeurope.com\/@it\/116344278699965995","error":""},"_links":{"self":[{"href":"https:\/\/www.europesays.com\/it\/wp-json\/wp\/v2\/posts\/427018","targetHints":{"allow":["GET"]}}],"collection":[{"href":"https:\/\/www.europesays.com\/it\/wp-json\/wp\/v2\/posts"}],"about":[{"href":"https:\/\/www.europesays.com\/it\/wp-json\/wp\/v2\/types\/post"}],"author":[{"embeddable":true,"href":"https:\/\/www.europesays.com\/it\/wp-json\/wp\/v2\/users\/3"}],"replies":[{"embeddable":true,"href":"https:\/\/www.europesays.com\/it\/wp-json\/wp\/v2\/comments?post=427018"}],"version-history":[{"count":0,"href":"https:\/\/www.europesays.com\/it\/wp-json\/wp\/v2\/posts\/427018\/revisions"}],"wp:featuredmedia":[{"embeddable":true,"href":"https:\/\/www.europesays.com\/it\/wp-json\/wp\/v2\/media\/427019"}],"wp:attachment":[{"href":"https:\/\/www.europesays.com\/it\/wp-json\/wp\/v2\/media?parent=427018"}],"wp:term":[{"taxonomy":"category","embeddable":true,"href":"https:\/\/www.europesays.com\/it\/wp-json\/wp\/v2\/categories?post=427018"},{"taxonomy":"post_tag","embeddable":true,"href":"https:\/\/www.europesays.com\/it\/wp-json\/wp\/v2\/tags?post=427018"}],"curies":[{"name":"wp","href":"https:\/\/api.w.org\/{rel}","templated":true}]}}